{"id":29025,"date":"2020-12-14T09:02:01","date_gmt":"2020-12-14T09:02:01","guid":{"rendered":"https:\/\/gazetaregionalna.com\/?p=29025"},"modified":"2020-12-14T09:02:05","modified_gmt":"2020-12-14T09:02:05","slug":"termomodernizacja-remizo","status":"publish","type":"post","link":"https:\/\/gazetaregionalna.com\/?p=29025","title":{"rendered":"Termomodernizacja remizo \u2013 \u015bwietlic w Pod\u0142\u0119\u017cu Szlacheckim i \u0141ugach-Rad\u0142y"},"content":{"rendered":"\n<h2 class=\"wp-block-heading\">Dwie remizo \u2013 \u015bwietlice w Pod\u0142e\u017cu Szlacheckim i \u0141ugach-Rad\u0142y\nprzesz\u0142y termomodernizacj\u0119. Remizy zosta\u0142y ju\u017c oddane do u\u017cytku.<\/h2>\n\n\n\n<figure class=\"wp-block-image size-large\"><img decoding=\"async\" width=\"1024\" height=\"768\" data-src=\"https:\/\/gazetaregionalna.com\/wp-content\/uploads\/2020\/12\/OSP-Pod\u0142\u0119\u017ce.jpeg\" alt=\"\" class=\"wp-image-29034 lazyload\" data-srcset=\"https:\/\/gazetaregionalna.com\/wp-content\/uploads\/2020\/12\/OSP-Pod\u0142\u0119\u017ce.jpeg 1024w, https:\/\/gazetaregionalna.com\/wp-content\/uploads\/2020\/12\/OSP-Pod\u0142\u0119\u017ce-300x225.jpeg 300w, https:\/\/gazetaregionalna.com\/wp-content\/uploads\/2020\/12\/OSP-Pod\u0142\u0119\u017ce-768x576.jpeg 768w, https:\/\/gazetaregionalna.com\/wp-content\/uploads\/2020\/12\/OSP-Pod\u0142\u0119\u017ce-80x60.jpeg 80w, https:\/\/gazetaregionalna.com\/wp-content\/uploads\/2020\/12\/OSP-Pod\u0142\u0119\u017ce-265x198.jpeg 265w, https:\/\/gazetaregionalna.com\/wp-content\/uploads\/2020\/12\/OSP-Pod\u0142\u0119\u017ce-696x522.jpeg 696w, https:\/\/gazetaregionalna.com\/wp-content\/uploads\/2020\/12\/OSP-Pod\u0142\u0119\u017ce-560x420.jpeg 560w\" data-sizes=\"(max-width: 1024px) 100vw, 1024px\" src=\"data:image\/svg+xml;base64,PHN2ZyB3aWR0aD0iMSIgaGVpZ2h0PSIxIiB4bWxucz0iaHR0cDovL3d3dy53My5vcmcvMjAwMC9zdmciPjwvc3ZnPg==\" style=\"--smush-placeholder-width: 1024px; --smush-placeholder-aspect-ratio: 1024\/768;\" \/><figcaption>Fot: Gmina Przystaj\u0144<\/figcaption><\/figure>\n\n\n\n<p>Na prace budowlane Gmina Przystaj\u0144 otrzyma\u0142a dofinansowanie w\nramach Regionalnego\nProgramu Operacyjnego Wojew\u00f3dztwa \u015al\u0105skiego w wysoko\u015bci 506 117 z\u0142. Koszt\nwszystkich wykonanych prac zamkn\u0105\u0142 si\u0119 w kwocie 595 431 z\u0142.<\/p>\n\n\n\n<p>Zakres prac obj\u0105\u0142:<\/p>\n\n\n\n<ul class=\"wp-block-list\"><li>Remont instalacji CO z instalacj\u0105 nowego pieca\nna pellet, zamiast starego \u017ar\u00f3d\u0142a ciep\u0142a;<\/li><li>Docieplenie strop\u00f3w i \u015bcian zewn\u0119trznych;<\/li><li>Wymiana okien i drzwi;<\/li><li>Wykonanie elewacji i obr\u00f3bek dachowych.<\/li><\/ul>\n\n\n\n<p>Projekt by\u0142 realizowany wsp\u00f3lnie z Gmin\u0105 Mied\u017ano, kt\u00f3ra by\u0142a liderem i wykona\u0142a ca\u0142e post\u0119powanie przetargowe oraz rozliczy projekt. Natomiast wykonawc\u0105 wszystkich rob\u00f3t by\u0142a firma &#8222;Dekor&#8221; Marek\u00a0 Lipi\u0144ski z Przystajni.<\/p>\n\n\n\n<p>[post_gallery]<\/p>\n\n\n\n<p>Fot: Gmina Przysta\u0144<\/p>\n","protected":false},"excerpt":{"rendered":"<p>Dwie remizo \u2013 \u015bwietlice w Pod\u0142e\u017cu Szlacheckim i \u0141ugach-Rad\u0142y przesz\u0142y termomodernizacj\u0119. Remizy zosta\u0142y ju\u017c oddane do u\u017cytku. Na prace budowlane Gmina Przystaj\u0144 otrzyma\u0142a dofinansowanie<\/p>\n","protected":false},"author":12,"featured_media":29031,"comment_status":"open","ping_status":"open","sticky":false,"template":"","format":"standard","meta":{"_monsterinsights_skip_tracking":false,"_monsterinsights_sitenote_active":false,"_monsterinsights_sitenote_note":"","_monsterinsights_sitenote_category":0,"_uf_show_specific_survey":0,"_uf_disable_surveys":false,"footnotes":""},"categories":[20,33,27,94,2],"tags":[],"class_list":["post-29025","post","type-post","status-publish","format-standard","has-post-thumbnail","hentry","category-budownictwo","category-inwestycje","category-klobuck-informacje","category-polecane","category-wiadomosci"],"_links":{"self":[{"href":"https:\/\/gazetaregionalna.com\/index.php?rest_route=\/wp\/v2\/posts\/29025","targetHints":{"allow":["GET"]}}],"collection":[{"href":"https:\/\/gazetaregionalna.com\/index.php?rest_route=\/wp\/v2\/posts"}],"about":[{"href":"https:\/\/gazetaregionalna.com\/index.php?rest_route=\/wp\/v2\/types\/post"}],"author":[{"embeddable":true,"href":"https:\/\/gazetaregionalna.com\/index.php?rest_route=\/wp\/v2\/users\/12"}],"replies":[{"embeddable":true,"href":"https:\/\/gazetaregionalna.com\/index.php?rest_route=%2Fwp%2Fv2%2Fcomments&post=29025"}],"version-history":[{"count":2,"href":"https:\/\/gazetaregionalna.com\/index.php?rest_route=\/wp\/v2\/posts\/29025\/revisions"}],"predecessor-version":[{"id":29035,"href":"https:\/\/gazetaregionalna.com\/index.php?rest_route=\/wp\/v2\/posts\/29025\/revisions\/29035"}],"wp:featuredmedia":[{"embeddable":true,"href":"https:\/\/gazetaregionalna.com\/index.php?rest_route=\/wp\/v2\/media\/29031"}],"wp:attachment":[{"href":"https:\/\/gazetaregionalna.com\/index.php?rest_route=%2Fwp%2Fv2%2Fmedia&parent=29025"}],"wp:term":[{"taxonomy":"category","embeddable":true,"href":"https:\/\/gazetaregionalna.com\/index.php?rest_route=%2Fwp%2Fv2%2Fcategories&post=29025"},{"taxonomy":"post_tag","embeddable":true,"href":"https:\/\/gazetaregionalna.com\/index.php?rest_route=%2Fwp%2Fv2%2Ftags&post=29025"}],"curies":[{"name":"wp","href":"https:\/\/api.w.org\/{rel}","templated":true}]}}