{"id":29019,"date":"2020-12-14T07:16:20","date_gmt":"2020-12-14T07:16:20","guid":{"rendered":"https:\/\/gazetaregionalna.com\/?p=29019"},"modified":"2020-12-14T07:26:31","modified_gmt":"2020-12-14T07:26:31","slug":"nie-zyje-piotr-machalica","status":"publish","type":"post","link":"https:\/\/gazetaregionalna.com\/?p=29019","title":{"rendered":"Nie \u017cyje Piotr Machalica"},"content":{"rendered":"\n<p>Nie \u017cyje Piotr Machalica. Aktor zmar\u0142 dzisiaj w nocy. Mia\u0142 65 lat.<\/p>\n\n\n\n<p>Jak podano na jego oficjalnym profilu na Facebooku:<em> &#8222;Po dzielnej walce Piotr Machalica zmar\u0142 dzi\u015b o 02:30 w szpitalu MSWiA w Warszawie&#8221;.<\/em><\/p>\n\n\n\n<p>Artysta od lat by\u0142 zwi\u0105zany z Cz\u0119stochow\u0105 zar\u00f3wno  zawodowo,  jak i prywatnie. W latach 2006 -2018 pe\u0142ni\u0142 funkcj\u0119 dyrektora artystycznego Teatru im. Adama Mickiewicza.  <\/p>\n\n\n\n<p>Szerokiej publiczno\u015bci znany w wielu r\u00f3l filmowych i telewizyjnych.<\/p>\n\n\n\n<p>(fot. wikipedia)  <\/p>\n","protected":false},"excerpt":{"rendered":"<p>Nie \u017cyje Piotr Machalica. Aktor zmar\u0142 dzisiaj w nocy. Mia\u0142 65 lat. Jak podano na jego oficjalnym profilu na Facebooku: &#8222;Po dzielnej walce Piotr<\/p>\n","protected":false},"author":7,"featured_media":29021,"comment_status":"open","ping_status":"open","sticky":false,"template":"","format":"standard","meta":{"_monsterinsights_skip_tracking":false,"_monsterinsights_sitenote_active":false,"_monsterinsights_sitenote_note":"","_monsterinsights_sitenote_category":0,"_uf_show_specific_survey":0,"_uf_disable_surveys":false,"footnotes":""},"categories":[94,3,12,2],"tags":[],"class_list":["post-29019","post","type-post","status-publish","format-standard","has-post-thumbnail","hentry","category-polecane","category-czestochowa-informacje","category-kultura-i-rozrywka","category-wiadomosci"],"_links":{"self":[{"href":"https:\/\/gazetaregionalna.com\/index.php?rest_route=\/wp\/v2\/posts\/29019","targetHints":{"allow":["GET"]}}],"collection":[{"href":"https:\/\/gazetaregionalna.com\/index.php?rest_route=\/wp\/v2\/posts"}],"about":[{"href":"https:\/\/gazetaregionalna.com\/index.php?rest_route=\/wp\/v2\/types\/post"}],"author":[{"embeddable":true,"href":"https:\/\/gazetaregionalna.com\/index.php?rest_route=\/wp\/v2\/users\/7"}],"replies":[{"embeddable":true,"href":"https:\/\/gazetaregionalna.com\/index.php?rest_route=%2Fwp%2Fv2%2Fcomments&post=29019"}],"version-history":[{"count":4,"href":"https:\/\/gazetaregionalna.com\/index.php?rest_route=\/wp\/v2\/posts\/29019\/revisions"}],"predecessor-version":[{"id":29024,"href":"https:\/\/gazetaregionalna.com\/index.php?rest_route=\/wp\/v2\/posts\/29019\/revisions\/29024"}],"wp:featuredmedia":[{"embeddable":true,"href":"https:\/\/gazetaregionalna.com\/index.php?rest_route=\/wp\/v2\/media\/29021"}],"wp:attachment":[{"href":"https:\/\/gazetaregionalna.com\/index.php?rest_route=%2Fwp%2Fv2%2Fmedia&parent=29019"}],"wp:term":[{"taxonomy":"category","embeddable":true,"href":"https:\/\/gazetaregionalna.com\/index.php?rest_route=%2Fwp%2Fv2%2Fcategories&post=29019"},{"taxonomy":"post_tag","embeddable":true,"href":"https:\/\/gazetaregionalna.com\/index.php?rest_route=%2Fwp%2Fv2%2Ftags&post=29019"}],"curies":[{"name":"wp","href":"https:\/\/api.w.org\/{rel}","templated":true}]}}