{"id":28954,"date":"2020-12-13T09:20:00","date_gmt":"2020-12-13T09:20:00","guid":{"rendered":"https:\/\/gazetaregionalna.com\/?p=28954"},"modified":"2020-12-12T23:51:45","modified_gmt":"2020-12-12T23:51:45","slug":"przerwa-w-dostawie-10","status":"publish","type":"post","link":"https:\/\/gazetaregionalna.com\/?p=28954","title":{"rendered":"UWAGA! Przerwa w dostawie pr\u0105du w powiecie radomszcza\u0144skim! PGE informuje"},"content":{"rendered":"\n<h2 class=\"wp-block-heading\">Dystrybutor\npr\u0105du PGE planuje przerw\u0119 w dostawie energii na najbli\u017csze 5 dni w powiecie\nradomszcza\u0144skim.<\/h2>\n\n\n\n<p>Brak\nw dostawie energii nast\u0105pi w gminie:<\/p>\n\n\n\n<p><strong>Radomsko 17 grudnia 2020<\/strong> <strong>roku<\/strong>\nna ulicy:<\/p>\n\n\n\n<ul class=\"wp-block-list\"><li>ul.\nPi\u0142sudskiego 29-59, ul. Pu\u0142askiego 23, ul. R\u00f3wna 1-28 oraz dz. 194\/3 od\ngodziny <strong>&nbsp;8:00 <\/strong>do <strong>16:00<\/strong>.<\/li><\/ul>\n\n\n\n<p>Dostawca\npr\u0105du przeprasza za utrudnienia.<\/p>\n","protected":false},"excerpt":{"rendered":"<p>Dystrybutor pr\u0105du PGE planuje przerw\u0119 w dostawie energii na najbli\u017csze 5 dni w powiecie radomszcza\u0144skim. Brak w dostawie energii nast\u0105pi w gminie: Radomsko 17<\/p>\n","protected":false},"author":12,"featured_media":27591,"comment_status":"open","ping_status":"open","sticky":false,"template":"","format":"standard","meta":{"_monsterinsights_skip_tracking":false,"_monsterinsights_sitenote_active":false,"_monsterinsights_sitenote_note":"","_monsterinsights_sitenote_category":0,"_uf_show_specific_survey":0,"_uf_disable_surveys":false,"footnotes":""},"categories":[94,28,2],"tags":[],"class_list":["post-28954","post","type-post","status-publish","format-standard","has-post-thumbnail","hentry","category-polecane","category-radomsko","category-wiadomosci"],"_links":{"self":[{"href":"https:\/\/gazetaregionalna.com\/index.php?rest_route=\/wp\/v2\/posts\/28954","targetHints":{"allow":["GET"]}}],"collection":[{"href":"https:\/\/gazetaregionalna.com\/index.php?rest_route=\/wp\/v2\/posts"}],"about":[{"href":"https:\/\/gazetaregionalna.com\/index.php?rest_route=\/wp\/v2\/types\/post"}],"author":[{"embeddable":true,"href":"https:\/\/gazetaregionalna.com\/index.php?rest_route=\/wp\/v2\/users\/12"}],"replies":[{"embeddable":true,"href":"https:\/\/gazetaregionalna.com\/index.php?rest_route=%2Fwp%2Fv2%2Fcomments&post=28954"}],"version-history":[{"count":1,"href":"https:\/\/gazetaregionalna.com\/index.php?rest_route=\/wp\/v2\/posts\/28954\/revisions"}],"predecessor-version":[{"id":28955,"href":"https:\/\/gazetaregionalna.com\/index.php?rest_route=\/wp\/v2\/posts\/28954\/revisions\/28955"}],"wp:featuredmedia":[{"embeddable":true,"href":"https:\/\/gazetaregionalna.com\/index.php?rest_route=\/wp\/v2\/media\/27591"}],"wp:attachment":[{"href":"https:\/\/gazetaregionalna.com\/index.php?rest_route=%2Fwp%2Fv2%2Fmedia&parent=28954"}],"wp:term":[{"taxonomy":"category","embeddable":true,"href":"https:\/\/gazetaregionalna.com\/index.php?rest_route=%2Fwp%2Fv2%2Fcategories&post=28954"},{"taxonomy":"post_tag","embeddable":true,"href":"https:\/\/gazetaregionalna.com\/index.php?rest_route=%2Fwp%2Fv2%2Ftags&post=28954"}],"curies":[{"name":"wp","href":"https:\/\/api.w.org\/{rel}","templated":true}]}}