{"id":28950,"date":"2020-12-13T08:40:00","date_gmt":"2020-12-13T08:40:00","guid":{"rendered":"https:\/\/gazetaregionalna.com\/?p=28950"},"modified":"2020-12-12T23:35:08","modified_gmt":"2020-12-12T23:35:08","slug":"przerwa-w-dostawie-8","status":"publish","type":"post","link":"https:\/\/gazetaregionalna.com\/?p=28950","title":{"rendered":"UWAGA! Przerwa w dostawie pr\u0105du w powiecie lublinieckim!"},"content":{"rendered":"\n<h2 class=\"wp-block-heading\">Dystrybutor pr\u0105du\nplanuje przerw\u0119 w dostawie energii na najbli\u017csze 5 dni w powiecie lublinieckim.<\/h2>\n\n\n\n<p>Brak w dostawie\nenergii nast\u0105pi w gminie:<\/p>\n\n\n\n<p><strong>Ciasna&nbsp; 16 grudnia 2020<\/strong> <strong>roku<\/strong>\nna ulicy:<\/p>\n\n\n\n<ul class=\"wp-block-list\"><li>odbiorca zasilony z ZK 8614 od godziny <strong>8:00 <\/strong>do <strong>16:00<\/strong>;<\/li><li>Molna, ul. Cegielniana 5, ul.\nJe\u017cowska od 1 do 8, ul. Polna od 1 do 5, ul. Sierakowska 1, 2 i 5, ul. Wiejska\nod tor\u00f3w PKP do 31 i 42 od godziny <strong>8:30\n<\/strong>do <strong>13:30<\/strong>.<\/li><\/ul>\n\n\n\n<p><strong>Kochanowice&nbsp; 15 grudnia 2020<\/strong> <strong>roku<\/strong>\nna ulicy:<\/p>\n\n\n\n<ul class=\"wp-block-list\"><li>Kochcice ul. Cicha, ul.\nLubecka, ul. Kochanowicka od 1 do 9, ul. Parkowa, ul. Pogodna, ul. S\u0142oneczna,\nul. Szkolna od godziny <strong>9:00 <\/strong>do <strong>11:00<\/strong>.<\/li><li>Kochcice, ul. Parkowa od 2 do\n24, ul. S\u0142oneczna 1 i S\u0142oneczna 2 od godziny <strong>9:00 <\/strong>do <strong>13:30<\/strong>.<\/li><\/ul>\n\n\n\n<p><strong>Kosz\u0119cin <\/strong><strong>18 grudnia <\/strong><strong>2020 roku<\/strong> na ulicy:<\/p>\n\n\n\n<ul class=\"wp-block-list\"><li>Brusiek, ul. Przylasek od godziny <strong>9:00 <\/strong>do <strong>14:00<\/strong>.<\/li><\/ul>\n\n\n\n<p><strong>Pawonk\u00f3w&nbsp; 15 grudnia 2020<\/strong> <strong>roku<\/strong>\nna ulicy:<\/p>\n\n\n\n<ul class=\"wp-block-list\"><li>Skrzyd\u0142owice, ul. \u0141\u0105czna od 2\ndo 5, ul. Wyzwolenia 2 od godziny <strong>9:30\n<\/strong>do <strong>15:00<\/strong>.<\/li><\/ul>\n\n\n\n<p><strong>Pawonk\u00f3w&nbsp; 17 grudnia 2020<\/strong> <strong>roku<\/strong>\nna ulicy:<\/p>\n\n\n\n<ul class=\"wp-block-list\"><li>\u0141agiewniki Ma\u0142e, ul. G\u00f3rna, ul. Koszwicka 1, ul.\nLubliniecka od 2 do 29, ul. Odrodzenia, ul. Powsta\u0144c\u00f3w, ul. Przyja\u017ani od godziny <strong>8:00 <\/strong>do <strong>11:00<\/strong>.<\/li><li>Pawonk\u00f3w, ul. Damrota od 18 do\n32 i od 36 do 45, ul. Dolna, ul. Ko\u015bciuszki, ul. Skrzyd\u0142owicka od 20 do 33, ul.\nZawadzkiego 41 od godziny <strong>9:00 <\/strong>do <strong>14:00<\/strong>.<\/li><\/ul>\n\n\n\n<p>Dostawca\npr\u0105du przeprasza za utrudnienia.<\/p>\n","protected":false},"excerpt":{"rendered":"<p>Dystrybutor pr\u0105du planuje przerw\u0119 w dostawie energii na najbli\u017csze 5 dni w powiecie lublinieckim. Brak w dostawie energii nast\u0105pi w gminie: Ciasna&nbsp; 16 grudnia<\/p>\n","protected":false},"author":12,"featured_media":27584,"comment_status":"open","ping_status":"open","sticky":false,"template":"","format":"standard","meta":{"_monsterinsights_skip_tracking":false,"_monsterinsights_sitenote_active":false,"_monsterinsights_sitenote_note":"","_monsterinsights_sitenote_category":0,"_uf_show_specific_survey":0,"_uf_disable_surveys":false,"footnotes":""},"categories":[94,25,2],"tags":[],"class_list":["post-28950","post","type-post","status-publish","format-standard","has-post-thumbnail","hentry","category-polecane","category-lubliniec","category-wiadomosci"],"_links":{"self":[{"href":"https:\/\/gazetaregionalna.com\/index.php?rest_route=\/wp\/v2\/posts\/28950","targetHints":{"allow":["GET"]}}],"collection":[{"href":"https:\/\/gazetaregionalna.com\/index.php?rest_route=\/wp\/v2\/posts"}],"about":[{"href":"https:\/\/gazetaregionalna.com\/index.php?rest_route=\/wp\/v2\/types\/post"}],"author":[{"embeddable":true,"href":"https:\/\/gazetaregionalna.com\/index.php?rest_route=\/wp\/v2\/users\/12"}],"replies":[{"embeddable":true,"href":"https:\/\/gazetaregionalna.com\/index.php?rest_route=%2Fwp%2Fv2%2Fcomments&post=28950"}],"version-history":[{"count":1,"href":"https:\/\/gazetaregionalna.com\/index.php?rest_route=\/wp\/v2\/posts\/28950\/revisions"}],"predecessor-version":[{"id":28951,"href":"https:\/\/gazetaregionalna.com\/index.php?rest_route=\/wp\/v2\/posts\/28950\/revisions\/28951"}],"wp:featuredmedia":[{"embeddable":true,"href":"https:\/\/gazetaregionalna.com\/index.php?rest_route=\/wp\/v2\/media\/27584"}],"wp:attachment":[{"href":"https:\/\/gazetaregionalna.com\/index.php?rest_route=%2Fwp%2Fv2%2Fmedia&parent=28950"}],"wp:term":[{"taxonomy":"category","embeddable":true,"href":"https:\/\/gazetaregionalna.com\/index.php?rest_route=%2Fwp%2Fv2%2Fcategories&post=28950"},{"taxonomy":"post_tag","embeddable":true,"href":"https:\/\/gazetaregionalna.com\/index.php?rest_route=%2Fwp%2Fv2%2Ftags&post=28950"}],"curies":[{"name":"wp","href":"https:\/\/api.w.org\/{rel}","templated":true}]}}