{"id":28946,"date":"2020-12-13T08:00:00","date_gmt":"2020-12-13T08:00:00","guid":{"rendered":"https:\/\/gazetaregionalna.com\/?p=28946"},"modified":"2020-12-13T10:01:57","modified_gmt":"2020-12-13T10:01:57","slug":"przerwa-w-dostawie-pradu-76","status":"publish","type":"post","link":"https:\/\/gazetaregionalna.com\/?p=28946","title":{"rendered":"UWAGA! Przerwa w dostawie pr\u0105du w powiecie cz\u0119stochowskim!"},"content":{"rendered":"\n<h2 class=\"wp-block-heading\">Dystrybutor pr\u0105du\nplanuje przerw\u0119 w dostawie energii na najbli\u017csze 5 dni w powiecie cz\u0119stochowskim.<\/h2>\n\n\n\n<p>Brak w dostawie energii nast\u0105pi w gminie:<\/p>\n\n\n\n<p><strong>Cz\u0119stochowa<\/strong> <strong>15\ngrudnia 2020<\/strong> <strong>roku <\/strong>na ulicy:<\/p>\n\n\n\n<ul class=\"wp-block-list\"><li>\u0141ojki, ul. D\u0142uga od 50 do 102, ul. Piast\u00f3w od 1 do 1 A i od 2 do 6, ul. Podmiejska, Wyraz\u00f3w od 32 do 52 i od 27 do 47, ul. Ogrodowa od 1 do 19 A, od 2 do 10, ul. Kopalniana od 1 do 6 od godziny <strong>11:00<\/strong> do <strong>12:00<\/strong>;<\/li><li>Gnaszyn, ul. Festynowa 25 i 27, ul. Drzewna od 1 do 59, ul. Przejazdowa od 90 do 108, ul. Urocza od 1 do 7 i od 2 do 4, ul. Muzealna 3, ul. Marynarska od 1 do 19 i od 2 do 22. ul. Cmentarna, ul. D\u0142uga od 95 do 110 od godziny <strong>11:00<\/strong> do <strong>12:00<\/strong>.<\/li><\/ul>\n\n\n\n<p><strong>Blachownia<\/strong> <strong>15\ngrudnia 2020<\/strong> <strong>roku<\/strong> na ulicy:<\/p>\n\n\n\n<ul class=\"wp-block-list\"><li>\u0141ojki, ul. Zielona od 1 do 97, ul. Sadowa od 11 do 13, ul. Ogrodowa 29, ul. D\u0142uga od 7A do 51 i od 42 do 58 od godziny <strong>8:00<\/strong> do <strong>10:00;<\/strong><\/li><li>\u0141ojki, ul. D\u0142uga od 50 do 102, ul. Piast\u00f3w od 1 do 1A i od 2 do 6, ul. Podmiejska, Wyraz\u00f3w od 32 do 52 i od 27 do 47, ul. Ogrodowa od 1 do 19 A, od 2 do 10, ul. Kopalniana od 1 do 6 od godziny <strong>11:00<\/strong> do <strong>12:00<\/strong>.<\/li><\/ul>\n\n\n\n<p><strong>D\u0105browa Zielona 14 grudnia 2020 roku<\/strong> na ulicy:<\/p>\n\n\n\n<ul class=\"wp-block-list\"><li>W miejscowo\u015bci \u015awi\u0119ta Anna od godziny <strong>6:30<\/strong>\ndo <strong>7:00<\/strong>, od godziny <strong>8:00 <\/strong>do <strong>9:00 <\/strong>oraz od godziny <strong>15:00 <\/strong>do\n<strong>17:00;<\/strong><\/li><li>Knieja Przepompownia od godziny <strong>7:00<\/strong>\ndo <strong>8:30<\/strong> oraz od godziny <strong>15:00 <\/strong>do <strong>17:00;<\/strong><\/li><li>W miejscowo\u015bci Olbrachcice od godziny <strong>7:00<\/strong>\ndo <strong>8:30<\/strong>;<\/li><li>W miejscowo\u015bci Lipie od godziny <strong>8:30<\/strong>\ndo <strong>9:30<\/strong> oraz od godziny <strong>16:30 <\/strong>do <strong>18:00.<\/strong><\/li><\/ul>\n\n\n\n<p><strong>D\u0105browa Zielona 15 grudnia 2020 roku<\/strong> na ulicy:<\/p>\n\n\n\n<ul class=\"wp-block-list\"><li>W miejscowo\u015bci Lipie od godziny <strong>7:00<\/strong>\ndo <strong>8:00 <\/strong>oraz od godziny <strong>16:00 <\/strong>do <strong>18:00;<\/strong><\/li><li>W miejscowo\u015bci \u015awi\u0119ta Anna od godziny <strong>7:00<\/strong> do <strong>8:00 <\/strong>oraz od godziny <strong>15:00 <\/strong>do\n<strong>17:00;<\/strong><\/li><li>Knieja Przepompownia od godziny <strong>8:00<\/strong> do <strong>16:00.<\/strong><\/li><\/ul>\n\n\n\n<p><strong>D\u0105browa Zielona 16 grudnia 2020 roku<\/strong> na ulicy:<\/p>\n\n\n\n<ul class=\"wp-block-list\"><li>W miejscowo\u015bci Lipie od godziny <strong>7:00<\/strong> do <strong>8:00<\/strong> oraz od godziny <strong>16:00 <\/strong>do\n<strong>18:00;<\/strong><\/li><li>W miejscowo\u015bci \u015awi\u0119ta Anna od godziny <strong>7:00<\/strong> do <strong>8:00<\/strong> oraz od godziny <strong>16:00 <\/strong>do\n<strong>18:00;<\/strong><\/li><li>Knieja Przepompownia od godziny <strong>8:00<\/strong> do <strong>16:00;<\/strong><\/li><li>W miejscowo\u015bci Olbrachcice od godziny <strong>15:00<\/strong> do <strong>17:00.<\/strong><\/li><\/ul>\n\n\n\n<p><strong>Olsztyn<\/strong> <strong>14\ngrudnia 2020<\/strong> <strong>roku<\/strong> na ulicy:<\/p>\n\n\n\n<ul class=\"wp-block-list\"><li>Biskupice, ul S\u0142oneczna od godziny <strong>8:00<\/strong> do <strong>14:00.<\/strong><\/li><\/ul>\n\n\n\n<p><strong>Olsztyn<\/strong> <strong>16\ngrudnia 2020<\/strong> <strong>roku<\/strong> na ulicy:<\/p>\n\n\n\n<ul class=\"wp-block-list\"><li>Tur\u00f3w, ul. Szkolna od 23 do 39 i od 12 do 26, ul. Polna, ul. Topolowa, ul.\nNowa 2, 4, ul. D\u0142uga 1 od godziny <strong>8:00<\/strong>\ndo <strong>13:00.<\/strong><\/li><\/ul>\n\n\n\n<p><strong>Olsztyn<\/strong> <strong>17\ngrudnia 2020<\/strong> <strong>roku<\/strong> na ulicy:<\/p>\n\n\n\n<ul class=\"wp-block-list\"><li>Bukowno, ul. Spacerowa, ul.\nWidokowa od godziny <strong>8:00<\/strong> do <strong>16:00;<\/strong><\/li><li>Tur\u00f3w, ul. Nowa od 5 do 31 i\nod 6 do 30 od godziny <strong>8:00<\/strong> do <strong>16:00;<\/strong><\/li><\/ul>\n\n\n\n<p><strong>Olsztyn<\/strong> <strong>18\ngrudnia 2020<\/strong> <strong>roku<\/strong> na ulicy:<\/p>\n\n\n\n<ul class=\"wp-block-list\"><li>Tur\u00f3w, ul. Nowa od 5 do 31 i od 6 do 30 od godziny <strong>8:00<\/strong> do <strong>16:00<\/strong>.<\/li><\/ul>\n\n\n\n<p><strong>Poczesna 16 grudnia 2020 roku<\/strong> na ulicy:<\/p>\n\n\n\n<ul class=\"wp-block-list\"><li>Huta Stara, ul. Tkacka od 1 do 39 i od 2 do 46A, ul. Pszenna 13 i 15 od godziny <strong>8:00<\/strong> do <strong>15:00<\/strong>.<\/li><\/ul>\n\n\n\n<p><strong>Przyr\u00f3w 18 <\/strong><strong>grudnia <\/strong><strong>2020 roku<\/strong> na ulicy:<\/p>\n\n\n\n<ul class=\"wp-block-list\"><li>Staropole, od 1 do 25 i od 2\ndo 48 od godziny <strong>8:00<\/strong> do <strong>12:00<\/strong>.<\/li><\/ul>\n\n\n\n<p><strong>Starcza<\/strong> <strong>15\ngrudnia 2020<\/strong> <strong>roku<\/strong> na ulicy:<\/p>\n\n\n\n<ul class=\"wp-block-list\"><li>ul Spacerowa od 59 do 81 od godziny <strong>8:00<\/strong>\ndo <strong>14:00<\/strong>.<\/li><\/ul>\n\n\n\n<p>Dostawca\npr\u0105du przeprasza za utrudnienia.<\/p>\n","protected":false},"excerpt":{"rendered":"<p>Dystrybutor pr\u0105du planuje przerw\u0119 w dostawie energii na najbli\u017csze 5 dni w powiecie cz\u0119stochowskim. Brak w dostawie energii nast\u0105pi w gminie: Cz\u0119stochowa 15 grudnia<\/p>\n","protected":false},"author":12,"featured_media":27584,"comment_status":"open","ping_status":"open","sticky":false,"template":"","format":"standard","meta":{"_monsterinsights_skip_tracking":false,"_monsterinsights_sitenote_active":false,"_monsterinsights_sitenote_note":"","_monsterinsights_sitenote_category":0,"_uf_show_specific_survey":0,"_uf_disable_surveys":false,"footnotes":""},"categories":[94,3,2],"tags":[],"class_list":["post-28946","post","type-post","status-publish","format-standard","has-post-thumbnail","hentry","category-polecane","category-czestochowa-informacje","category-wiadomosci"],"_links":{"self":[{"href":"https:\/\/gazetaregionalna.com\/index.php?rest_route=\/wp\/v2\/posts\/28946","targetHints":{"allow":["GET"]}}],"collection":[{"href":"https:\/\/gazetaregionalna.com\/index.php?rest_route=\/wp\/v2\/posts"}],"about":[{"href":"https:\/\/gazetaregionalna.com\/index.php?rest_route=\/wp\/v2\/types\/post"}],"author":[{"embeddable":true,"href":"https:\/\/gazetaregionalna.com\/index.php?rest_route=\/wp\/v2\/users\/12"}],"replies":[{"embeddable":true,"href":"https:\/\/gazetaregionalna.com\/index.php?rest_route=%2Fwp%2Fv2%2Fcomments&post=28946"}],"version-history":[{"count":4,"href":"https:\/\/gazetaregionalna.com\/index.php?rest_route=\/wp\/v2\/posts\/28946\/revisions"}],"predecessor-version":[{"id":28963,"href":"https:\/\/gazetaregionalna.com\/index.php?rest_route=\/wp\/v2\/posts\/28946\/revisions\/28963"}],"wp:featuredmedia":[{"embeddable":true,"href":"https:\/\/gazetaregionalna.com\/index.php?rest_route=\/wp\/v2\/media\/27584"}],"wp:attachment":[{"href":"https:\/\/gazetaregionalna.com\/index.php?rest_route=%2Fwp%2Fv2%2Fmedia&parent=28946"}],"wp:term":[{"taxonomy":"category","embeddable":true,"href":"https:\/\/gazetaregionalna.com\/index.php?rest_route=%2Fwp%2Fv2%2Fcategories&post=28946"},{"taxonomy":"post_tag","embeddable":true,"href":"https:\/\/gazetaregionalna.com\/index.php?rest_route=%2Fwp%2Fv2%2Ftags&post=28946"}],"curies":[{"name":"wp","href":"https:\/\/api.w.org\/{rel}","templated":true}]}}