{"id":28824,"date":"2020-12-11T10:50:30","date_gmt":"2020-12-11T10:50:30","guid":{"rendered":"https:\/\/gazetaregionalna.com\/?p=28824"},"modified":"2020-12-11T10:50:33","modified_gmt":"2020-12-11T10:50:33","slug":"modernizacja","status":"publish","type":"post","link":"https:\/\/gazetaregionalna.com\/?p=28824","title":{"rendered":"Modernizacja lublinieckiej oczyszczalni \u015bciek\u00f3w"},"content":{"rendered":"\n<h2 class=\"wp-block-heading\">W Lubli\u0144cu trwa modernizacja oczyszczalni \u015bciek\u00f3w. Jest to najwi\u0119ksze\nzadanie inwestycyjne, z najwy\u017csz\u0105 dotacj\u0105 w historii miasta. <\/h2>\n\n\n\n<p>W ramach inwestycji w oczyszczalni wyremontowano jedn\u0105 z\ndw\u00f3ch cz\u0119\u015bci komory oczyszczania biologicznego oraz zosta\u0142o zamontowane\nniezb\u0119dne wyposa\u017cenie obiektu, w tym m.in. mieszad\u0142a. Po monta\u017cu &nbsp;dokonano rozruchu mechanicznego nowych cz\u0119\u015bci.<\/p>\n\n\n\n<p>Ponadto zrealizowano w wi\u0119kszo\u015bci sieci uzbrojenia\npodziemnego. W ca\u0142o\u015bci wykonano wydzielon\u0105 komor\u0119 fermentacyjn\u0105 wraz z klatk\u0105\nschodow\u0105. Zbiornik magazynowego osadu nr 11 zosta\u0142 odremontowany i zyska\u0142 nowe\npokrycie dachowe.<\/p>\n\n\n\n<p>Na chwil\u0119 obecn\u0105 na terenie lublinieckiej oczyszczalni\n\u015bciek\u00f3w remontowany jest drugi zbiornik, kt\u00f3ry r\u00f3wnie\u017c b\u0119dzie zadaszony, oraz wykonywane\ns\u0105 prace wyko\u0144czeniowe, tj. uk\u0142adanie p\u0142ytek, malowanie, monta\u017c bram\nzewn\u0119trznych w budynkach: technicznym, odwadniania osad\u00f3w, pompowni \u015bciek\u00f3w i\npiaskownik\u00f3w. Montowane s\u0105 tak\u017ce kraty w budynku. Post\u0119p prac modernizacji ocenia\nsi\u0119 na oko\u0142o 30%. <\/p>\n\n\n\n<p>Dla przypomnienia modernizacja prowadzona jest w ramach\nprojektu pn. \u201eModernizacja i rozbudowa oczyszczalni \u015bciek\u00f3w w Lubli\u0144cu z\nuwzgl\u0119dnieniem rozbudowy cz\u0119\u015bci osadowej\u201d. Ca\u0142kowita warto\u015b\u0107 projektu&nbsp; wynosi 51&nbsp;045 606,21 z\u0142, a jej termin\nzako\u0144czenia wyznaczony jest do 31 marca 2022 roku.<\/p>\n\n\n\n<p>Dotacja &#8211; dofinansowanie z Funduszu Sp\u00f3jno\u015bci wynosi 26.559.237,45 z\u0142 i zosta\u0142o przyznane z Programu Operacyjnego Infrastruktura i \u015arodowisko 2014-2020 &#8211; w ramach dzia\u0142ania 2.3 \u201eGospodarka wodno-\u015bciekowa w aglomeracjach\u201d &#8211; O\u015b priorytetowa II \u201eOchrona \u015brodowiska, w tym adaptacja do zmian klimatu\u201d.<\/p>\n\n\n\n<p>Poni\u017cej film z post\u0119pu prac modernizacji.<\/p>\n\n\n\n<figure class=\"wp-block-embed-youtube wp-block-embed is-type-video is-provider-youtube wp-embed-aspect-16-9 wp-has-aspect-ratio\"><div class=\"wp-block-embed__wrapper\">\n<div class=\"fitvids-video\"><iframe title=\"Oczyszczalnia \u015aciek\u00f3w ZGKLiC Lubliniec - w trakcie modernizacji\" width=\"715\" height=\"402\" data-src=\"https:\/\/www.youtube.com\/embed\/AbsEvQijD-k?feature=oembed\" frameborder=\"0\" allow=\"accelerometer; autoplay; clipboard-write; encrypted-media; gyroscope; picture-in-picture; web-share\" allowfullscreen src=\"data:image\/svg+xml;base64,PHN2ZyB3aWR0aD0iMSIgaGVpZ2h0PSIxIiB4bWxucz0iaHR0cDovL3d3dy53My5vcmcvMjAwMC9zdmciPjwvc3ZnPg==\" class=\"lazyload\" data-load-mode=\"1\"><\/iframe><\/div>\n<\/div><figcaption>Film:  <a href=\"https:\/\/www.youtube.com\/channel\/UC4-Il1nMIxiaBoCRSpc1YBw\" target=\"_blank\" rel=\"noopener\">ZGKLiC Lubliniec<\/a> <\/figcaption><\/figure>\n","protected":false},"excerpt":{"rendered":"<p>W Lubli\u0144cu trwa modernizacja oczyszczalni \u015bciek\u00f3w. Jest to najwi\u0119ksze zadanie inwestycyjne, z najwy\u017csz\u0105 dotacj\u0105 w historii miasta. W ramach inwestycji w oczyszczalni wyremontowano jedn\u0105<\/p>\n","protected":false},"author":12,"featured_media":28827,"comment_status":"open","ping_status":"open","sticky":false,"template":"","format":"standard","meta":{"_monsterinsights_skip_tracking":false,"_monsterinsights_sitenote_active":false,"_monsterinsights_sitenote_note":"","_monsterinsights_sitenote_category":0,"_uf_show_specific_survey":0,"_uf_disable_surveys":false,"footnotes":""},"categories":[20,33,25,94,2],"tags":[],"class_list":["post-28824","post","type-post","status-publish","format-standard","has-post-thumbnail","hentry","category-budownictwo","category-inwestycje","category-lubliniec","category-polecane","category-wiadomosci"],"_links":{"self":[{"href":"https:\/\/gazetaregionalna.com\/index.php?rest_route=\/wp\/v2\/posts\/28824","targetHints":{"allow":["GET"]}}],"collection":[{"href":"https:\/\/gazetaregionalna.com\/index.php?rest_route=\/wp\/v2\/posts"}],"about":[{"href":"https:\/\/gazetaregionalna.com\/index.php?rest_route=\/wp\/v2\/types\/post"}],"author":[{"embeddable":true,"href":"https:\/\/gazetaregionalna.com\/index.php?rest_route=\/wp\/v2\/users\/12"}],"replies":[{"embeddable":true,"href":"https:\/\/gazetaregionalna.com\/index.php?rest_route=%2Fwp%2Fv2%2Fcomments&post=28824"}],"version-history":[{"count":4,"href":"https:\/\/gazetaregionalna.com\/index.php?rest_route=\/wp\/v2\/posts\/28824\/revisions"}],"predecessor-version":[{"id":28829,"href":"https:\/\/gazetaregionalna.com\/index.php?rest_route=\/wp\/v2\/posts\/28824\/revisions\/28829"}],"wp:featuredmedia":[{"embeddable":true,"href":"https:\/\/gazetaregionalna.com\/index.php?rest_route=\/wp\/v2\/media\/28827"}],"wp:attachment":[{"href":"https:\/\/gazetaregionalna.com\/index.php?rest_route=%2Fwp%2Fv2%2Fmedia&parent=28824"}],"wp:term":[{"taxonomy":"category","embeddable":true,"href":"https:\/\/gazetaregionalna.com\/index.php?rest_route=%2Fwp%2Fv2%2Fcategories&post=28824"},{"taxonomy":"post_tag","embeddable":true,"href":"https:\/\/gazetaregionalna.com\/index.php?rest_route=%2Fwp%2Fv2%2Ftags&post=28824"}],"curies":[{"name":"wp","href":"https:\/\/api.w.org\/{rel}","templated":true}]}}