{"id":28780,"date":"2020-12-11T08:30:33","date_gmt":"2020-12-11T08:30:33","guid":{"rendered":"https:\/\/gazetaregionalna.com\/?p=28780"},"modified":"2020-12-11T12:24:21","modified_gmt":"2020-12-11T12:24:21","slug":"w-miescie-jest-coraz-wiecej-pojemnikow-na-elektroodpady","status":"publish","type":"post","link":"https:\/\/gazetaregionalna.com\/?p=28780","title":{"rendered":"W mie\u015bcie jest coraz wi\u0119cej pojemnik\u00f3w na elektroodpady"},"content":{"rendered":"\n<h2 class=\"wp-block-heading\">W mie\u015bcie jest coraz wi\u0119cej pojemnik\u00f3w na elektroodpady.  Ustawia je cz\u0119stochowskie Centrum Us\u0142ug Komunalnych. <\/h2>\n\n\n\n<p> <code>[post_gallery]<\/code> <\/p>\n\n\n\n<p>Do charakterystycznych czerwonych koszy stoj\u0105cych w Cz\u0119stochowie mo\u017cna wrzuca\u0107 zu\u017cyte baterie, a tak\u017ce niewielkich gabaryt\u00f3w sprz\u0119t elektryczny i elektroniczny, m.in. s\u0142uchawki, telefony, drukarki, tostery, \u017celazka.<\/p>\n\n\n\n<p>Jak informuje CUK, kolejnych dziewi\u0119\u0107 pojemnik\u00f3w mo\u017cna znale\u017a\u0107 w nast\u0119puj\u0105cych lokalizacjach:<\/p>\n\n\n\n<ol class=\"wp-block-list\"><li>ul. Obro\u0144c\u00f3w Poczty Gda\u0144skiej 2\n\t\t\n\t<\/li><li>ul. Wawrzynowicza 8 \n\t\n\t<\/li><li>Promenada Czes\u0142awa Niemena\/ CH\n\tPromenada \n\t\n\t<\/li><li>ul. Radomska 117 &#8211; parking\n\tCmentarz Komunalny \n\t\n\t<\/li><li>ul. Wa\u0142y Dwernickiego 11 \n\t\n\t<\/li><li>ul. Goszczy\u0144skiego 9\/11 \/ ul.\n\tPu\u0142askiego \n\t\n\t<\/li><li>ul.&nbsp; Bohater\u00f3w Katynia\n\t44\/Bienia 10 &#8211; parking \n\t\n\t<\/li><li>ul. Sempo\u0142owskiej 2 \n\t\n\t<\/li><li>ul. Mirowska 416 \/ ul. Turystyczna \u2013 przystanek \n\t\n<\/li><\/ol>\n\n\n\n<p>Funkcjonowanie czerwonych zbiornik\u00f3w to efekt do\u0142\u0105czenia\nCz\u0119stochowy (w ramach dzia\u0142a\u0144 Centrum Us\u0142ug Komunalnych) do\npartner\u00f3w projektu \u201eElektryczne \u015amieci\u201d realizowanego przez MB\nRecycling, Fundacj\u0119 Odzyskaj \u015arodowisko i organizacj\u0119 odzysku\nAURAEKO.<\/p>\n\n\n\n<p>Foto: \u0141ukasz Kolewi\u0144ski<\/p>\n","protected":false},"excerpt":{"rendered":"<p>W mie\u015bcie jest coraz wi\u0119cej pojemnik\u00f3w na elektroodpady. Ustawia je cz\u0119stochowskie Centrum Us\u0142ug Komunalnych. [post_gallery] Do charakterystycznych czerwonych koszy stoj\u0105cych w Cz\u0119stochowie mo\u017cna wrzuca\u0107<\/p>\n","protected":false},"author":7,"featured_media":28793,"comment_status":"open","ping_status":"open","sticky":false,"template":"","format":"standard","meta":{"_monsterinsights_skip_tracking":false,"_monsterinsights_sitenote_active":false,"_monsterinsights_sitenote_note":"","_monsterinsights_sitenote_category":0,"_uf_show_specific_survey":0,"_uf_disable_surveys":false,"footnotes":""},"categories":[94,3,2],"tags":[],"class_list":["post-28780","post","type-post","status-publish","format-standard","has-post-thumbnail","hentry","category-polecane","category-czestochowa-informacje","category-wiadomosci"],"_links":{"self":[{"href":"https:\/\/gazetaregionalna.com\/index.php?rest_route=\/wp\/v2\/posts\/28780","targetHints":{"allow":["GET"]}}],"collection":[{"href":"https:\/\/gazetaregionalna.com\/index.php?rest_route=\/wp\/v2\/posts"}],"about":[{"href":"https:\/\/gazetaregionalna.com\/index.php?rest_route=\/wp\/v2\/types\/post"}],"author":[{"embeddable":true,"href":"https:\/\/gazetaregionalna.com\/index.php?rest_route=\/wp\/v2\/users\/7"}],"replies":[{"embeddable":true,"href":"https:\/\/gazetaregionalna.com\/index.php?rest_route=%2Fwp%2Fv2%2Fcomments&post=28780"}],"version-history":[{"count":3,"href":"https:\/\/gazetaregionalna.com\/index.php?rest_route=\/wp\/v2\/posts\/28780\/revisions"}],"predecessor-version":[{"id":28795,"href":"https:\/\/gazetaregionalna.com\/index.php?rest_route=\/wp\/v2\/posts\/28780\/revisions\/28795"}],"wp:featuredmedia":[{"embeddable":true,"href":"https:\/\/gazetaregionalna.com\/index.php?rest_route=\/wp\/v2\/media\/28793"}],"wp:attachment":[{"href":"https:\/\/gazetaregionalna.com\/index.php?rest_route=%2Fwp%2Fv2%2Fmedia&parent=28780"}],"wp:term":[{"taxonomy":"category","embeddable":true,"href":"https:\/\/gazetaregionalna.com\/index.php?rest_route=%2Fwp%2Fv2%2Fcategories&post=28780"},{"taxonomy":"post_tag","embeddable":true,"href":"https:\/\/gazetaregionalna.com\/index.php?rest_route=%2Fwp%2Fv2%2Ftags&post=28780"}],"curies":[{"name":"wp","href":"https:\/\/api.w.org\/{rel}","templated":true}]}}