{"id":28778,"date":"2020-12-11T08:29:50","date_gmt":"2020-12-11T08:29:50","guid":{"rendered":"https:\/\/gazetaregionalna.com\/?p=28778"},"modified":"2020-12-11T08:29:52","modified_gmt":"2020-12-11T08:29:52","slug":"elektrosprzet","status":"publish","type":"post","link":"https:\/\/gazetaregionalna.com\/?p=28778","title":{"rendered":"\u201eElektrosprz\u0119t w dobre r\u0119ce\u201d rozstrzygni\u0119ty"},"content":{"rendered":"\n<h2 class=\"wp-block-heading\">Organizowany ju\u017c po raz pi\u0105ty przez PGK Sp. z o.o. konkurs <strong>\u201eElektrosprz\u0119t w dobre r\u0119ce\u201d<\/strong> zosta\u0142 rozstrzygni\u0119ty.<\/h2>\n\n\n\n<figure class=\"wp-block-image size-large\"><img decoding=\"async\" width=\"960\" height=\"720\" data-src=\"https:\/\/gazetaregionalna.com\/wp-content\/uploads\/2020\/12\/konkurs-elektroodpady-1.jpg\" alt=\"\" class=\"wp-image-28781 lazyload\" data-srcset=\"https:\/\/gazetaregionalna.com\/wp-content\/uploads\/2020\/12\/konkurs-elektroodpady-1.jpg 960w, https:\/\/gazetaregionalna.com\/wp-content\/uploads\/2020\/12\/konkurs-elektroodpady-1-300x225.jpg 300w, https:\/\/gazetaregionalna.com\/wp-content\/uploads\/2020\/12\/konkurs-elektroodpady-1-768x576.jpg 768w, https:\/\/gazetaregionalna.com\/wp-content\/uploads\/2020\/12\/konkurs-elektroodpady-1-80x60.jpg 80w, https:\/\/gazetaregionalna.com\/wp-content\/uploads\/2020\/12\/konkurs-elektroodpady-1-265x198.jpg 265w, https:\/\/gazetaregionalna.com\/wp-content\/uploads\/2020\/12\/konkurs-elektroodpady-1-696x522.jpg 696w, https:\/\/gazetaregionalna.com\/wp-content\/uploads\/2020\/12\/konkurs-elektroodpady-1-560x420.jpg 560w\" data-sizes=\"(max-width: 960px) 100vw, 960px\" src=\"data:image\/svg+xml;base64,PHN2ZyB3aWR0aD0iMSIgaGVpZ2h0PSIxIiB4bWxucz0iaHR0cDovL3d3dy53My5vcmcvMjAwMC9zdmciPjwvc3ZnPg==\" style=\"--smush-placeholder-width: 960px; --smush-placeholder-aspect-ratio: 960\/720;\" \/><figcaption>Fot: Powiat Radomszcza\u0144ski<\/figcaption><\/figure>\n\n\n\n<p>Do rywalizacji i\nzarazem dbania o \u015brodowisko zosta\u0142y zaproszone szko\u0142y podstawowe oraz ponadpodstawowe\nz terenu Radomska, Gminy Mas\u0142owice i Gminy Gomunice. Mimo pandemii odzew by\u0142\ndu\u017cy.<\/p>\n\n\n\n<p>W rywalizacji na zbi\u00f3rk\u0119\njak najwi\u0119kszej ilo\u015bci elektroodpad\u00f3w wzi\u0119\u0142o udzia\u0142 a\u017c osiem plac\u00f3wek\no\u015bwiatowych. Uda\u0142o im si\u0119 \u0142\u0105cznie zebra\u0107 11&nbsp;510 kg elektroodpad\u00f3w.<\/p>\n\n\n\n<p>&nbsp;Wyniki konkursu przedstawiaj\u0105 si\u0119 nast\u0119puj\u0105co:<\/p>\n\n\n\n<ul class=\"wp-block-list\"><li>Szko\u0142y podstawowe:<\/li><li>I miejsce\n&#8211; Szko\u0142a Filialna w Kraszewicach przy Publicznej Szkole Podstawowej w\nStrzelcach Ma\u0142ych \u2013 5 230 kg;<\/li><li>II miejsce\n&#8211; Publiczna Szko\u0142a Podstawowa nr 5 w Radomsku \u2013 2460 kg;<\/li><li>III\nmiejsce &#8211; Publiczna Szko\u0142a Podstawowa nr 4 w Radomsku \u2013 2140 kg.<\/li><li>Szko\u0142y ponadpodstawowe:<\/li><li>I miejsce\n&#8211; Zesp\u00f3\u0142 Szk\u00f3\u0142 Elektryczno-Elektronicznych w Radomsku \u2013 620 kg;<\/li><li>II miejsce\n&#8211; Zesp\u00f3\u0142 Szk\u00f3\u0142 Drzewnych i Ochrony \u015arodowiska w Radomsku \u2013 540 kg;<\/li><li>III\nmiejsce &#8211; Zesp\u00f3\u0142 Szk\u00f3\u0142 Ponadpodstawowych nr 1 w Radomsku \u2013 520 kg.<\/li><\/ul>\n\n\n\n<p>Honorowy Patronat nad\nkonkursem obj\u0119li:<\/p>\n\n\n\n<ul class=\"wp-block-list\"><li>Prezydent Miasta Radomska Jaros\u0142aw Ferenc;<\/li><li>Starosta Powiatu Radomszcza\u0144skiego Beata Pokora.<\/li><\/ul>\n\n\n\n<p>Dla zwyci\u0119zc\u00f3w nagrody pieni\u0119\u017cne ufundowane zosta\u0142y przez Electro-System Organizacj\u0119 Odzysku Sprz\u0119tu Elektrycznego i Elektronicznego S.A. Dodatkowo Nadle\u015bnictwo Radomsko ufundowa\u0142o nagrody rzeczowe.<\/p>\n\n\n\n<p>[post_gallery]<\/p>\n\n\n\n<p>Fot: Powiat Radomszcza\u0144ski<\/p>\n","protected":false},"excerpt":{"rendered":"<p>Organizowany ju\u017c po raz pi\u0105ty przez PGK Sp. z o.o. konkurs \u201eElektrosprz\u0119t w dobre r\u0119ce\u201d zosta\u0142 rozstrzygni\u0119ty. Do rywalizacji i zarazem dbania o \u015brodowisko<\/p>\n","protected":false},"author":12,"featured_media":28786,"comment_status":"open","ping_status":"open","sticky":false,"template":"","format":"standard","meta":{"_monsterinsights_skip_tracking":false,"_monsterinsights_sitenote_active":false,"_monsterinsights_sitenote_note":"","_monsterinsights_sitenote_category":0,"_uf_show_specific_survey":0,"_uf_disable_surveys":false,"footnotes":""},"categories":[29,41,94,28,2],"tags":[],"class_list":["post-28778","post","type-post","status-publish","format-standard","has-post-thumbnail","hentry","category-ekologia","category-edukacja","category-polecane","category-radomsko","category-wiadomosci"],"_links":{"self":[{"href":"https:\/\/gazetaregionalna.com\/index.php?rest_route=\/wp\/v2\/posts\/28778","targetHints":{"allow":["GET"]}}],"collection":[{"href":"https:\/\/gazetaregionalna.com\/index.php?rest_route=\/wp\/v2\/posts"}],"about":[{"href":"https:\/\/gazetaregionalna.com\/index.php?rest_route=\/wp\/v2\/types\/post"}],"author":[{"embeddable":true,"href":"https:\/\/gazetaregionalna.com\/index.php?rest_route=\/wp\/v2\/users\/12"}],"replies":[{"embeddable":true,"href":"https:\/\/gazetaregionalna.com\/index.php?rest_route=%2Fwp%2Fv2%2Fcomments&post=28778"}],"version-history":[{"count":2,"href":"https:\/\/gazetaregionalna.com\/index.php?rest_route=\/wp\/v2\/posts\/28778\/revisions"}],"predecessor-version":[{"id":28794,"href":"https:\/\/gazetaregionalna.com\/index.php?rest_route=\/wp\/v2\/posts\/28778\/revisions\/28794"}],"wp:featuredmedia":[{"embeddable":true,"href":"https:\/\/gazetaregionalna.com\/index.php?rest_route=\/wp\/v2\/media\/28786"}],"wp:attachment":[{"href":"https:\/\/gazetaregionalna.com\/index.php?rest_route=%2Fwp%2Fv2%2Fmedia&parent=28778"}],"wp:term":[{"taxonomy":"category","embeddable":true,"href":"https:\/\/gazetaregionalna.com\/index.php?rest_route=%2Fwp%2Fv2%2Fcategories&post=28778"},{"taxonomy":"post_tag","embeddable":true,"href":"https:\/\/gazetaregionalna.com\/index.php?rest_route=%2Fwp%2Fv2%2Ftags&post=28778"}],"curies":[{"name":"wp","href":"https:\/\/api.w.org\/{rel}","templated":true}]}}