{"id":2847,"date":"2019-05-01T22:45:31","date_gmt":"2019-05-01T22:45:31","guid":{"rendered":"https:\/\/gazetaregionalna.com\/?p=2847"},"modified":"2019-05-04T11:27:13","modified_gmt":"2019-05-04T11:27:13","slug":"podpisy-zlozone-teraz-pileczka-po-stronie-radnych-2","status":"publish","type":"post","link":"https:\/\/gazetaregionalna.com\/?p=2847","title":{"rendered":"Podpisy z\u0142o\u017cone, teraz pi\u0142eczka po stronie radnych"},"content":{"rendered":"\n<p>Koalicja Obywatelska w Radomsku zako\u0144czy\u0142a akcj\u0119 zbierania podpis\u00f3w pod wnioskiem o finansowanie in vitro z bud\u017cetu miasta. Akcj\u0119 KO popar\u0142o ponad 1700 radomszczan. Oficjalne pismo wraz z podpisami przekazano na r\u0119ce przewodnicz\u0105cego Rady Miejskiej Rafa\u0142a D\u0119bskiego. <\/p>\n\n\n\n<figure class=\"wp-block-image\"><img decoding=\"async\" data-src=\"https:\/\/gazetaregionalna.com\/wp-content\/uploads\/2019\/04\/in-vitro.jpg\" alt=\"\" class=\"wp-image-2842 lazyload\" src=\"data:image\/svg+xml;base64,PHN2ZyB3aWR0aD0iMSIgaGVpZ2h0PSIxIiB4bWxucz0iaHR0cDovL3d3dy53My5vcmcvMjAwMC9zdmciPjwvc3ZnPg==\"><\/figure>\n\n\n\n<ul class=\"wp-block-list\"><li>Sprawie nadano oficjalny bieg &#8211; powiedzia\u0142a nam Magdalena Sp\u00f3lnicka z KO, g\u0142\u00f3wna koordynatorka akcji. &#8211; Teraz wniosek trafi pod obrady Komisji do spraw Rodziny, Zdrowia, Opieki Socjalnej. B\u0119dzie to w po\u0142owie maja. Mamy nadziej\u0119, \u017ce naszym wnioskiem rada miasta zajmie si\u0119 na najbli\u017cszej sesji, kt\u00f3ra planowana jest na 31 maja.<br> Jak zapowiada Magdalena Sp\u00f3lnicka, organizatorzy akcji chc\u0105 si\u0119 pojawi\u0107 na komisji rady, aby zaprezentowa\u0107 temat i odpowiedzie\u0107 na ewentualne pytania radnych.<\/li><li>Mamy nadziej\u0119, \u017ce wszystko przebiegnie sprawnie, poniewa\u017c chcieliby\u015bmy, aby ju\u017c od przysz\u0142ego roku Radomsko  do\u0142\u0105czy\u0142o do grona miast, kt\u00f3re finansuj\u0105 procedur\u0119 in vitro &#8211; dodaje.<\/li><\/ul>\n","protected":false},"excerpt":{"rendered":"<p>Koalicja Obywatelska w Radomsku zako\u0144czy\u0142a akcj\u0119 zbierania podpis\u00f3w pod wnioskiem o finansowanie in vitro z bud\u017cetu miasta. Akcj\u0119 KO popar\u0142o ponad 1700 radomszczan. Oficjalne<\/p>\n","protected":false},"author":3,"featured_media":0,"comment_status":"open","ping_status":"open","sticky":false,"template":"","format":"standard","meta":{"_monsterinsights_skip_tracking":false,"_monsterinsights_sitenote_active":false,"_monsterinsights_sitenote_note":"","_monsterinsights_sitenote_category":0,"_uf_show_specific_survey":0,"_uf_disable_surveys":false,"footnotes":""},"categories":[28],"tags":[],"class_list":["post-2847","post","type-post","status-publish","format-standard","hentry","category-radomsko"],"_links":{"self":[{"href":"https:\/\/gazetaregionalna.com\/index.php?rest_route=\/wp\/v2\/posts\/2847","targetHints":{"allow":["GET"]}}],"collection":[{"href":"https:\/\/gazetaregionalna.com\/index.php?rest_route=\/wp\/v2\/posts"}],"about":[{"href":"https:\/\/gazetaregionalna.com\/index.php?rest_route=\/wp\/v2\/types\/post"}],"author":[{"embeddable":true,"href":"https:\/\/gazetaregionalna.com\/index.php?rest_route=\/wp\/v2\/users\/3"}],"replies":[{"embeddable":true,"href":"https:\/\/gazetaregionalna.com\/index.php?rest_route=%2Fwp%2Fv2%2Fcomments&post=2847"}],"version-history":[{"count":2,"href":"https:\/\/gazetaregionalna.com\/index.php?rest_route=\/wp\/v2\/posts\/2847\/revisions"}],"predecessor-version":[{"id":2859,"href":"https:\/\/gazetaregionalna.com\/index.php?rest_route=\/wp\/v2\/posts\/2847\/revisions\/2859"}],"wp:attachment":[{"href":"https:\/\/gazetaregionalna.com\/index.php?rest_route=%2Fwp%2Fv2%2Fmedia&parent=2847"}],"wp:term":[{"taxonomy":"category","embeddable":true,"href":"https:\/\/gazetaregionalna.com\/index.php?rest_route=%2Fwp%2Fv2%2Fcategories&post=2847"},{"taxonomy":"post_tag","embeddable":true,"href":"https:\/\/gazetaregionalna.com\/index.php?rest_route=%2Fwp%2Fv2%2Ftags&post=2847"}],"curies":[{"name":"wp","href":"https:\/\/api.w.org\/{rel}","templated":true}]}}