{"id":28304,"date":"2020-12-07T10:14:00","date_gmt":"2020-12-07T10:14:00","guid":{"rendered":"https:\/\/gazetaregionalna.com\/?p=28304"},"modified":"2020-12-07T10:14:03","modified_gmt":"2020-12-07T10:14:03","slug":"w-kozieglowach-tez-juz-swiatecznie","status":"publish","type":"post","link":"https:\/\/gazetaregionalna.com\/?p=28304","title":{"rendered":"W Kozieg\u0142owach te\u017c ju\u017c \u015bwi\u0105tecznie"},"content":{"rendered":"\n<h2 class=\"wp-block-heading\">W Kozieg\u0142owach te\u017c ju\u017c \u015bwi\u0105tecznie. Na Rynku oraz prowadz\u0105cych do niego ulicach zainstalowano bo\u017conarodzeniowe o\u015bwietlenie.<\/h2>\n\n\n\n<p> [post_gallery] <\/p>\n\n\n\n<p>\nNa\ng\u0142\u00f3wnym plac w mie\u015bcie pojawi\u0142a si\u0119 sztuczna choinka, wielka\nbombka z lampkami oraz inne \u015bwietlne dekoracje.\nNa lampach przy rynku i drogach dojazdowych do rynku zainstalowane\nzosta\u0142y nowe dekoracyjne elementy. \n<\/p>\n\n\n\n<p>\nDo\nstworzenia bo\u017conarodzeniowego nastroju przyczynili si\u0119 tak\u017ce\nlokalni handlowcy. W witrynach sklep\u00f3w w mie\u015bcie i ca\u0142ej gminie od\nkilku dni wida\u0107 choinki i inne \u015bwi\u0105teczne ozdoby.<\/p>\n\n\n\n<p>\n(fot.\nUMiG Kozieg\u0142owy)<br>\n<br>\n\n<\/p>\n","protected":false},"excerpt":{"rendered":"<p>W Kozieg\u0142owach te\u017c ju\u017c \u015bwi\u0105tecznie. Na Rynku oraz prowadz\u0105cych do niego ulicach zainstalowano bo\u017conarodzeniowe o\u015bwietlenie. [post_gallery] Na g\u0142\u00f3wnym plac w mie\u015bcie pojawi\u0142a si\u0119 sztuczna<\/p>\n","protected":false},"author":7,"featured_media":28312,"comment_status":"open","ping_status":"open","sticky":false,"template":"","format":"standard","meta":{"_monsterinsights_skip_tracking":false,"_monsterinsights_sitenote_active":false,"_monsterinsights_sitenote_note":"","_monsterinsights_sitenote_category":0,"_uf_show_specific_survey":0,"_uf_disable_surveys":false,"footnotes":""},"categories":[94,26,4,2],"tags":[],"class_list":["post-28304","post","type-post","status-publish","format-standard","has-post-thumbnail","hentry","category-polecane","category-myszkow","category-region","category-wiadomosci"],"_links":{"self":[{"href":"https:\/\/gazetaregionalna.com\/index.php?rest_route=\/wp\/v2\/posts\/28304","targetHints":{"allow":["GET"]}}],"collection":[{"href":"https:\/\/gazetaregionalna.com\/index.php?rest_route=\/wp\/v2\/posts"}],"about":[{"href":"https:\/\/gazetaregionalna.com\/index.php?rest_route=\/wp\/v2\/types\/post"}],"author":[{"embeddable":true,"href":"https:\/\/gazetaregionalna.com\/index.php?rest_route=\/wp\/v2\/users\/7"}],"replies":[{"embeddable":true,"href":"https:\/\/gazetaregionalna.com\/index.php?rest_route=%2Fwp%2Fv2%2Fcomments&post=28304"}],"version-history":[{"count":2,"href":"https:\/\/gazetaregionalna.com\/index.php?rest_route=\/wp\/v2\/posts\/28304\/revisions"}],"predecessor-version":[{"id":28318,"href":"https:\/\/gazetaregionalna.com\/index.php?rest_route=\/wp\/v2\/posts\/28304\/revisions\/28318"}],"wp:featuredmedia":[{"embeddable":true,"href":"https:\/\/gazetaregionalna.com\/index.php?rest_route=\/wp\/v2\/media\/28312"}],"wp:attachment":[{"href":"https:\/\/gazetaregionalna.com\/index.php?rest_route=%2Fwp%2Fv2%2Fmedia&parent=28304"}],"wp:term":[{"taxonomy":"category","embeddable":true,"href":"https:\/\/gazetaregionalna.com\/index.php?rest_route=%2Fwp%2Fv2%2Fcategories&post=28304"},{"taxonomy":"post_tag","embeddable":true,"href":"https:\/\/gazetaregionalna.com\/index.php?rest_route=%2Fwp%2Fv2%2Ftags&post=28304"}],"curies":[{"name":"wp","href":"https:\/\/api.w.org\/{rel}","templated":true}]}}