{"id":28097,"date":"2020-12-04T14:54:54","date_gmt":"2020-12-04T14:54:54","guid":{"rendered":"https:\/\/gazetaregionalna.com\/?p=28097"},"modified":"2020-12-04T14:54:57","modified_gmt":"2020-12-04T14:54:57","slug":"jamroszczyk","status":"publish","type":"post","link":"https:\/\/gazetaregionalna.com\/?p=28097","title":{"rendered":"Trwa kompletowanie kadry Lw\u00f3w Avia. Odszed\u0142 Marcin Szyma\u0144ski, ale zostaje Piotr Jamroszczyk"},"content":{"rendered":"\n<p>Dzia\u0142acze Lw\u00f3w Avia kompletuj\u0105 sk\u0142ad na nowy sezon w speedrowerowej Superlidze. Po 7 latach z zespo\u0142em po\u017cegna\u0142 si\u0119 <strong>Marcin Szyma\u0144ski<\/strong>, ale dzia\u0142aczom uda\u0142o si\u0119 zatrzyma\u0107 <strong>Piotra Jamroszczyka<\/strong>.  <\/p>\n\n\n\n<figure class=\"wp-block-image size-large\"><img decoding=\"async\" width=\"1024\" height=\"683\" data-src=\"https:\/\/gazetaregionalna.com\/wp-content\/uploads\/2020\/10\/Lwy-Avia-9-1024x683.jpg\" alt=\"\" class=\"wp-image-23099 lazyload\" data-srcset=\"https:\/\/gazetaregionalna.com\/wp-content\/uploads\/2020\/10\/Lwy-Avia-9-1024x683.jpg 1024w, https:\/\/gazetaregionalna.com\/wp-content\/uploads\/2020\/10\/Lwy-Avia-9-300x200.jpg 300w, https:\/\/gazetaregionalna.com\/wp-content\/uploads\/2020\/10\/Lwy-Avia-9-768x512.jpg 768w, https:\/\/gazetaregionalna.com\/wp-content\/uploads\/2020\/10\/Lwy-Avia-9-1536x1024.jpg 1536w, https:\/\/gazetaregionalna.com\/wp-content\/uploads\/2020\/10\/Lwy-Avia-9-696x464.jpg 696w, https:\/\/gazetaregionalna.com\/wp-content\/uploads\/2020\/10\/Lwy-Avia-9-1068x712.jpg 1068w, https:\/\/gazetaregionalna.com\/wp-content\/uploads\/2020\/10\/Lwy-Avia-9-630x420.jpg 630w, https:\/\/gazetaregionalna.com\/wp-content\/uploads\/2020\/10\/Lwy-Avia-9.jpg 1200w\" data-sizes=\"(max-width: 1024px) 100vw, 1024px\" src=\"data:image\/svg+xml;base64,PHN2ZyB3aWR0aD0iMSIgaGVpZ2h0PSIxIiB4bWxucz0iaHR0cDovL3d3dy53My5vcmcvMjAwMC9zdmciPjwvc3ZnPg==\" style=\"--smush-placeholder-width: 1024px; --smush-placeholder-aspect-ratio: 1024\/683;\" \/><\/figure>\n\n\n\n<p><strong>Marcin Szyma\u0144ski<\/strong> to jeden z najlepszych zawodnik\u00f3w na \u015bwicie. Na swoim koncie ma medale indywidualne i dru\u017cynowe mistrzostw \u015awiata i Europy. Wielokrotnie zdobywa\u0142 te\u017c medale indywidualne i dru\u017cynowe na krajowym podw\u00f3rku. Po 7 latach start\u00f3w w Cz\u0119stochowie postanowi\u0142 przenie\u015b\u0107 si\u0119 do Wroc\u0142awia, gdzie b\u0119dzie mia\u0142 blisko ze swojego rodzinnego domu. \u201eMartinez\u201d b\u0119dzie reprezentowa\u0142 barwy Szar\u017cy Wroc\u0142aw.   <\/p>\n\n\n\n<p>Dzia\u0142acze Lw\u00f3w Avia z prezesem <strong>Januszem Dankiem<\/strong> na czele kompletuj\u0105 kadr\u0119 na nowy 2021 rok.  Trener <strong>Tomasz Pokorski<\/strong> do dyspozycji b\u0119dzie mia\u0142 <strong>Piotra Jamroszczyka<\/strong>, <strong>Sebastiana Paruzela<\/strong>, <strong>Tomasza W\u0142odarczyka<\/strong>, <strong>Kamila Dembczyka<\/strong>, <strong>Nikodema Mleka<\/strong> i <strong>Marcina Jakubiaka<\/strong>. Ta sz\u00f3stka ma stanowi\u0107 o sile zespo\u0142u. Reszt\u0119 sk\u0142adu uzupe\u0142ni\u0105 m\u0142odzie\u017cowcy. <\/p>\n\n\n\n<p>Liderem zespo\u0142u najpewniej b\u0119dzie <strong>Piotr Jamroszczyk<\/strong>.<\/p>\n\n\n\n<figure class=\"wp-block-image size-large\"><img decoding=\"async\" width=\"1024\" height=\"683\" data-src=\"https:\/\/gazetaregionalna.com\/wp-content\/uploads\/2020\/06\/Lwy-18-1024x683.jpg\" alt=\"\" class=\"wp-image-15091 lazyload\" data-srcset=\"https:\/\/gazetaregionalna.com\/wp-content\/uploads\/2020\/06\/Lwy-18-1024x683.jpg 1024w, https:\/\/gazetaregionalna.com\/wp-content\/uploads\/2020\/06\/Lwy-18-300x200.jpg 300w, https:\/\/gazetaregionalna.com\/wp-content\/uploads\/2020\/06\/Lwy-18-768x512.jpg 768w, https:\/\/gazetaregionalna.com\/wp-content\/uploads\/2020\/06\/Lwy-18-1536x1024.jpg 1536w, https:\/\/gazetaregionalna.com\/wp-content\/uploads\/2020\/06\/Lwy-18-696x464.jpg 696w, https:\/\/gazetaregionalna.com\/wp-content\/uploads\/2020\/06\/Lwy-18-1068x712.jpg 1068w, https:\/\/gazetaregionalna.com\/wp-content\/uploads\/2020\/06\/Lwy-18-630x420.jpg 630w, https:\/\/gazetaregionalna.com\/wp-content\/uploads\/2020\/06\/Lwy-18.jpg 1200w\" data-sizes=\"(max-width: 1024px) 100vw, 1024px\" src=\"data:image\/svg+xml;base64,PHN2ZyB3aWR0aD0iMSIgaGVpZ2h0PSIxIiB4bWxucz0iaHR0cDovL3d3dy53My5vcmcvMjAwMC9zdmciPjwvc3ZnPg==\" style=\"--smush-placeholder-width: 1024px; --smush-placeholder-aspect-ratio: 1024\/683;\" \/><\/figure>\n\n\n\n<p>Foto: Gazeta Regionalna   <\/p>\n","protected":false},"excerpt":{"rendered":"<p>Dzia\u0142acze Lw\u00f3w Avia kompletuj\u0105 sk\u0142ad na nowy sezon w speedrowerowej Superlidze. Po 7 latach z zespo\u0142em po\u017cegna\u0142 si\u0119 Marcin Szyma\u0144ski, ale dzia\u0142aczom uda\u0142o si\u0119<\/p>\n","protected":false},"author":15,"featured_media":23099,"comment_status":"open","ping_status":"open","sticky":false,"template":"","format":"standard","meta":{"_monsterinsights_skip_tracking":false,"_monsterinsights_sitenote_active":false,"_monsterinsights_sitenote_note":"","_monsterinsights_sitenote_category":0,"_uf_show_specific_survey":0,"_uf_disable_surveys":false,"footnotes":""},"categories":[5,11],"tags":[],"class_list":["post-28097","post","type-post","status-publish","format-standard","has-post-thumbnail","hentry","category-sport","category-pozostale"],"_links":{"self":[{"href":"https:\/\/gazetaregionalna.com\/index.php?rest_route=\/wp\/v2\/posts\/28097","targetHints":{"allow":["GET"]}}],"collection":[{"href":"https:\/\/gazetaregionalna.com\/index.php?rest_route=\/wp\/v2\/posts"}],"about":[{"href":"https:\/\/gazetaregionalna.com\/index.php?rest_route=\/wp\/v2\/types\/post"}],"author":[{"embeddable":true,"href":"https:\/\/gazetaregionalna.com\/index.php?rest_route=\/wp\/v2\/users\/15"}],"replies":[{"embeddable":true,"href":"https:\/\/gazetaregionalna.com\/index.php?rest_route=%2Fwp%2Fv2%2Fcomments&post=28097"}],"version-history":[{"count":1,"href":"https:\/\/gazetaregionalna.com\/index.php?rest_route=\/wp\/v2\/posts\/28097\/revisions"}],"predecessor-version":[{"id":28098,"href":"https:\/\/gazetaregionalna.com\/index.php?rest_route=\/wp\/v2\/posts\/28097\/revisions\/28098"}],"wp:featuredmedia":[{"embeddable":true,"href":"https:\/\/gazetaregionalna.com\/index.php?rest_route=\/wp\/v2\/media\/23099"}],"wp:attachment":[{"href":"https:\/\/gazetaregionalna.com\/index.php?rest_route=%2Fwp%2Fv2%2Fmedia&parent=28097"}],"wp:term":[{"taxonomy":"category","embeddable":true,"href":"https:\/\/gazetaregionalna.com\/index.php?rest_route=%2Fwp%2Fv2%2Fcategories&post=28097"},{"taxonomy":"post_tag","embeddable":true,"href":"https:\/\/gazetaregionalna.com\/index.php?rest_route=%2Fwp%2Fv2%2Ftags&post=28097"}],"curies":[{"name":"wp","href":"https:\/\/api.w.org\/{rel}","templated":true}]}}