{"id":28088,"date":"2020-12-04T11:12:41","date_gmt":"2020-12-04T11:12:41","guid":{"rendered":"https:\/\/gazetaregionalna.com\/?p=28088"},"modified":"2020-12-04T11:12:43","modified_gmt":"2020-12-04T11:12:43","slug":"prace-konserwatorskie","status":"publish","type":"post","link":"https:\/\/gazetaregionalna.com\/?p=28088","title":{"rendered":"Powiat K\u0142obucki wspiera prace konserwatorskie ko\u015bcio\u0142a  modrzewiowego w Mokrej"},"content":{"rendered":"\n<h2 class=\"wp-block-heading\">Powiat\nK\u0142obucki wspiera regionalne zabytki, dlatego w starostwie powiatowym w K\u0142obucku\nzosta\u0142a podpisana umowa o dofinansowanie prac konserwatorskich ko\u015bcio\u0142a w\nMokrej (gmina Mied\u017ano).<\/h2>\n\n\n\n<figure class=\"wp-block-image size-large\"><img decoding=\"async\" width=\"1024\" height=\"768\" data-src=\"https:\/\/gazetaregionalna.com\/wp-content\/uploads\/2020\/12\/umowa-ko\u015bci\u00f3\u0142-w-Mokrej-2.jpg\" alt=\"\" class=\"wp-image-28091 lazyload\" data-srcset=\"https:\/\/gazetaregionalna.com\/wp-content\/uploads\/2020\/12\/umowa-ko\u015bci\u00f3\u0142-w-Mokrej-2.jpg 1024w, https:\/\/gazetaregionalna.com\/wp-content\/uploads\/2020\/12\/umowa-ko\u015bci\u00f3\u0142-w-Mokrej-2-300x225.jpg 300w, https:\/\/gazetaregionalna.com\/wp-content\/uploads\/2020\/12\/umowa-ko\u015bci\u00f3\u0142-w-Mokrej-2-768x576.jpg 768w, https:\/\/gazetaregionalna.com\/wp-content\/uploads\/2020\/12\/umowa-ko\u015bci\u00f3\u0142-w-Mokrej-2-80x60.jpg 80w, https:\/\/gazetaregionalna.com\/wp-content\/uploads\/2020\/12\/umowa-ko\u015bci\u00f3\u0142-w-Mokrej-2-265x198.jpg 265w, https:\/\/gazetaregionalna.com\/wp-content\/uploads\/2020\/12\/umowa-ko\u015bci\u00f3\u0142-w-Mokrej-2-696x522.jpg 696w, https:\/\/gazetaregionalna.com\/wp-content\/uploads\/2020\/12\/umowa-ko\u015bci\u00f3\u0142-w-Mokrej-2-560x420.jpg 560w\" data-sizes=\"(max-width: 1024px) 100vw, 1024px\" src=\"data:image\/svg+xml;base64,PHN2ZyB3aWR0aD0iMSIgaGVpZ2h0PSIxIiB4bWxucz0iaHR0cDovL3d3dy53My5vcmcvMjAwMC9zdmciPjwvc3ZnPg==\" style=\"--smush-placeholder-width: 1024px; --smush-placeholder-aspect-ratio: 1024\/768;\" \/><figcaption>Fot: Powiat K\u0142obucki <\/figcaption><\/figure>\n\n\n\n<p>Ko\u015bci\u00f3\u0142ek modrzewiowy w Mokrej (gmina Mied\u017ano) jest zabytkow\u0105 budowl\u0105 wybudowan\u0105 w 1708 roku z fundacji ks. Ksawerego Lisowieckiego. By\u0142 to dar w ramach podzi\u0119kowa\u0144 za pomy\u015blny wyrok wydany dla Konwentu Kanonik\u00f3w Regularnych w\u00a0K\u0142obucku. Od 1825 roku w ko\u015bciele odbywa\u0142y si\u0119 dwa odpusty ku czci\u00a0Tr\u00f3jcy \u015awi\u0119tej\u00a0oraz ku czci \u015awi\u0119tych\u00a0<a class=\"rank-math-link\" href=\"https:\/\/pl.wikipedia.org\/wiki\/Szymon_Aposto%C5%82\" target=\"_blank\" rel=\"noopener\">Szymona<\/a>\u00a0i\u00a0<a href=\"https:\/\/pl.wikipedia.org\/wiki\/Juda_Tadeusz_Aposto%C5%82\" target=\"_blank\" rel=\"noopener\">Judy Tadeusza<\/a>.<\/p>\n\n\n\n<p>Zabytek by\u0142 \u015bwiadkiem zwyci\u0119skiej bitwy, jak\u0105 Wo\u0142y\u0144ska Brygada\nKawalerii stoczy\u0142a z Niemcami 1 wrze\u015bnia 1939 roku i mimo tocz\u0105cej si\u0119 bitwy w\njego pobli\u017cu ko\u015bci\u00f3\u0142 przetrwa\u0142 do naszych czas\u00f3w. <\/p>\n\n\n\n<p>Umowa zosta\u0142a zawarta mi\u0119dzy parafi\u0105 Mokra a Powiatem K\u0142obuckim, kt\u00f3ry reprezentowali Starosta Henryk Kiepura i Wicestarosta Zdzis\u0142awa Kall.<\/p>\n\n\n\n<figure class=\"wp-block-image size-large\"><img decoding=\"async\" width=\"1024\" height=\"768\" data-src=\"https:\/\/gazetaregionalna.com\/wp-content\/uploads\/2020\/12\/umowa-ko\u015bci\u00f3\u0142-w-Mokrej-1.jpg\" alt=\"\" class=\"wp-image-28092 lazyload\" data-srcset=\"https:\/\/gazetaregionalna.com\/wp-content\/uploads\/2020\/12\/umowa-ko\u015bci\u00f3\u0142-w-Mokrej-1.jpg 1024w, https:\/\/gazetaregionalna.com\/wp-content\/uploads\/2020\/12\/umowa-ko\u015bci\u00f3\u0142-w-Mokrej-1-300x225.jpg 300w, https:\/\/gazetaregionalna.com\/wp-content\/uploads\/2020\/12\/umowa-ko\u015bci\u00f3\u0142-w-Mokrej-1-768x576.jpg 768w, https:\/\/gazetaregionalna.com\/wp-content\/uploads\/2020\/12\/umowa-ko\u015bci\u00f3\u0142-w-Mokrej-1-80x60.jpg 80w, https:\/\/gazetaregionalna.com\/wp-content\/uploads\/2020\/12\/umowa-ko\u015bci\u00f3\u0142-w-Mokrej-1-265x198.jpg 265w, https:\/\/gazetaregionalna.com\/wp-content\/uploads\/2020\/12\/umowa-ko\u015bci\u00f3\u0142-w-Mokrej-1-696x522.jpg 696w, https:\/\/gazetaregionalna.com\/wp-content\/uploads\/2020\/12\/umowa-ko\u015bci\u00f3\u0142-w-Mokrej-1-560x420.jpg 560w\" data-sizes=\"(max-width: 1024px) 100vw, 1024px\" src=\"data:image\/svg+xml;base64,PHN2ZyB3aWR0aD0iMSIgaGVpZ2h0PSIxIiB4bWxucz0iaHR0cDovL3d3dy53My5vcmcvMjAwMC9zdmciPjwvc3ZnPg==\" style=\"--smush-placeholder-width: 1024px; --smush-placeholder-aspect-ratio: 1024\/768;\" \/><figcaption>Fot: Powiat K\u0142obucki<\/figcaption><\/figure>\n","protected":false},"excerpt":{"rendered":"<p>Powiat K\u0142obucki wspiera regionalne zabytki, dlatego w starostwie powiatowym w K\u0142obucku zosta\u0142a podpisana umowa o dofinansowanie prac konserwatorskich ko\u015bcio\u0142a w Mokrej (gmina Mied\u017ano). Ko\u015bci\u00f3\u0142ek<\/p>\n","protected":false},"author":12,"featured_media":28090,"comment_status":"open","ping_status":"open","sticky":false,"template":"","format":"standard","meta":{"_monsterinsights_skip_tracking":false,"_monsterinsights_sitenote_active":false,"_monsterinsights_sitenote_note":"","_monsterinsights_sitenote_category":0,"_uf_show_specific_survey":0,"_uf_disable_surveys":false,"footnotes":""},"categories":[94,27,2],"tags":[],"class_list":["post-28088","post","type-post","status-publish","format-standard","has-post-thumbnail","hentry","category-polecane","category-klobuck-informacje","category-wiadomosci"],"_links":{"self":[{"href":"https:\/\/gazetaregionalna.com\/index.php?rest_route=\/wp\/v2\/posts\/28088","targetHints":{"allow":["GET"]}}],"collection":[{"href":"https:\/\/gazetaregionalna.com\/index.php?rest_route=\/wp\/v2\/posts"}],"about":[{"href":"https:\/\/gazetaregionalna.com\/index.php?rest_route=\/wp\/v2\/types\/post"}],"author":[{"embeddable":true,"href":"https:\/\/gazetaregionalna.com\/index.php?rest_route=\/wp\/v2\/users\/12"}],"replies":[{"embeddable":true,"href":"https:\/\/gazetaregionalna.com\/index.php?rest_route=%2Fwp%2Fv2%2Fcomments&post=28088"}],"version-history":[{"count":2,"href":"https:\/\/gazetaregionalna.com\/index.php?rest_route=\/wp\/v2\/posts\/28088\/revisions"}],"predecessor-version":[{"id":28093,"href":"https:\/\/gazetaregionalna.com\/index.php?rest_route=\/wp\/v2\/posts\/28088\/revisions\/28093"}],"wp:featuredmedia":[{"embeddable":true,"href":"https:\/\/gazetaregionalna.com\/index.php?rest_route=\/wp\/v2\/media\/28090"}],"wp:attachment":[{"href":"https:\/\/gazetaregionalna.com\/index.php?rest_route=%2Fwp%2Fv2%2Fmedia&parent=28088"}],"wp:term":[{"taxonomy":"category","embeddable":true,"href":"https:\/\/gazetaregionalna.com\/index.php?rest_route=%2Fwp%2Fv2%2Fcategories&post=28088"},{"taxonomy":"post_tag","embeddable":true,"href":"https:\/\/gazetaregionalna.com\/index.php?rest_route=%2Fwp%2Fv2%2Ftags&post=28088"}],"curies":[{"name":"wp","href":"https:\/\/api.w.org\/{rel}","templated":true}]}}