{"id":28001,"date":"2020-12-03T15:26:20","date_gmt":"2020-12-03T15:26:20","guid":{"rendered":"https:\/\/gazetaregionalna.com\/?p=28001"},"modified":"2020-12-03T15:26:23","modified_gmt":"2020-12-03T15:26:23","slug":"przetarg-4","status":"publish","type":"post","link":"https:\/\/gazetaregionalna.com\/?p=28001","title":{"rendered":"Przedszkole nr 36 przejdzie termomodernizacj\u0119. Miasto og\u0142osi\u0142o przetarg"},"content":{"rendered":"\n<h2 class=\"wp-block-heading\">Urz\u0105d Miasta Cz\u0119stochowy og\u0142osi\u0142 przetarg na wykonanie\ntermomodernizacji Miejskiego Przedszkola nr 36 przy ul. Kukuczki 4. Jej\nwykonawca b\u0119dzie mia\u0142 czas na wykonanie prac do ko\u0144ca pa\u017adziernika 2021 roku.<\/h2>\n\n\n\n<p>W ramach termomodernizacji prace b\u0119d\u0105 obejmowa\u0107 m.in.:<\/p>\n\n\n\n<ul class=\"wp-block-list\"><li>Roboty rozbi\u00f3rkowe;<\/li><li>Ocieplenie budynku;<\/li><li>Wykonanie tynku i elewacji;<\/li><li>Docieplenie dachu;<\/li><li>Remont komin\u00f3w;<\/li><li>Wymian\u0119 parapet\u00f3w i stolarki elewacyjnej;<\/li><li>Wymian\u0119 o\u015bwietlenia;<\/li><li>Instalacj\u0119 odgromow\u0105;<\/li><li>Wykonanie instalacji c.o.<\/li><li>Budow\u0119 nowych schod\u00f3w wej\u015bciowych;<\/li><li>Budow\u0119 chodnika;<\/li><li>Monta\u017c kamer monitoringu.<\/li><\/ul>\n\n\n\n<p>Koniec prac i jednoczesny odbi\u00f3r przewidziany jest na 31\npa\u017adziernika 2021 roku. Zadanie realizowane jest w ramach Funduszu\nPrzeciwdzia\u0142ania COVID-19 (Rz\u0105dowy Fundusz Inwestycji Lokalnych).<\/p>\n\n\n\n<p>Zainteresowane firmy mog\u0105 sk\u0142ada\u0107 swoje oferty do 18 grudnia\ndo godziny 9:30, na adres: <\/p>\n\n\n\n<p>Urz\u0105d Miasta Cz\u0119stochowy<\/p>\n\n\n\n<p>Biuro Obs\u0142ugi Interesanta (parter),<\/p>\n\n\n\n<p>stanowisko Wydzia\u0142u Nadzoru i Administracji<\/p>\n\n\n\n<p>ul. \u015al\u0105ska 11\/13 42-217 Cz\u0119stochowa<\/p>\n\n\n\n<p>Dokumenty nale\u017cy sk\u0142ada\u0107 w bezpiecznej kopercie za\npo\u015brednictwem Poczty Polskiej, poczty kurierskiej lub osobi\u015bcie &#8211; w urz\u0119dzie\nprzy ul. \u015al\u0105skiej 11\/13.<\/p>\n\n\n\n<p>Aby z\u0142o\u017cy\u0107 ofert\u0119 osobi\u015bcie, nale\u017cy powiadomi\u0107 portiera za\npomoc\u0105 dzwonka. W przypadku problem\u00f3w ze z\u0142o\u017ceniem oferty, mo\u017cna kontaktowa\u0107\nsi\u0119 pod nr tel. 34-37-07-250 (w celu bezpo\u015bredniego odebrania ofert przez\npracownika Biura Obs\u0142ugi Interesanta).<\/p>\n\n\n\n<p>Procedura otwarcia ofert odb\u0119dzie si\u0119 18 grudnia 2020 roku o godzinie 10:00 poprzez <a href=\"http:\/\/przetargi.czestochowa.um.gov.pl\/\" class=\"rank-math-link\" target=\"_blank\" rel=\"noopener\">transmisj\u0119 internetow\u0105<\/a>.<\/p>\n\n\n\n<p>Wi\u0119cej informacji na stronie <a href=\"https:\/\/bip.czestochowa.pl\/przetarg\/1167268\/iz-271-67-2020\" class=\"rank-math-link\" target=\"_blank\" rel=\"noopener\">internetowej<\/a>.<\/p>\n","protected":false},"excerpt":{"rendered":"<p>Urz\u0105d Miasta Cz\u0119stochowy og\u0142osi\u0142 przetarg na wykonanie termomodernizacji Miejskiego Przedszkola nr 36 przy ul. Kukuczki 4. Jej wykonawca b\u0119dzie mia\u0142 czas na wykonanie prac<\/p>\n","protected":false},"author":12,"featured_media":28003,"comment_status":"open","ping_status":"open","sticky":false,"template":"","format":"standard","meta":{"_monsterinsights_skip_tracking":false,"_monsterinsights_sitenote_active":false,"_monsterinsights_sitenote_note":"","_monsterinsights_sitenote_category":0,"_uf_show_specific_survey":0,"_uf_disable_surveys":false,"footnotes":""},"categories":[44,20,3,41,94,2],"tags":[],"class_list":["post-28001","post","type-post","status-publish","format-standard","has-post-thumbnail","hentry","category-bezpieczenstwo","category-budownictwo","category-czestochowa-informacje","category-edukacja","category-polecane","category-wiadomosci"],"_links":{"self":[{"href":"https:\/\/gazetaregionalna.com\/index.php?rest_route=\/wp\/v2\/posts\/28001","targetHints":{"allow":["GET"]}}],"collection":[{"href":"https:\/\/gazetaregionalna.com\/index.php?rest_route=\/wp\/v2\/posts"}],"about":[{"href":"https:\/\/gazetaregionalna.com\/index.php?rest_route=\/wp\/v2\/types\/post"}],"author":[{"embeddable":true,"href":"https:\/\/gazetaregionalna.com\/index.php?rest_route=\/wp\/v2\/users\/12"}],"replies":[{"embeddable":true,"href":"https:\/\/gazetaregionalna.com\/index.php?rest_route=%2Fwp%2Fv2%2Fcomments&post=28001"}],"version-history":[{"count":2,"href":"https:\/\/gazetaregionalna.com\/index.php?rest_route=\/wp\/v2\/posts\/28001\/revisions"}],"predecessor-version":[{"id":28004,"href":"https:\/\/gazetaregionalna.com\/index.php?rest_route=\/wp\/v2\/posts\/28001\/revisions\/28004"}],"wp:featuredmedia":[{"embeddable":true,"href":"https:\/\/gazetaregionalna.com\/index.php?rest_route=\/wp\/v2\/media\/28003"}],"wp:attachment":[{"href":"https:\/\/gazetaregionalna.com\/index.php?rest_route=%2Fwp%2Fv2%2Fmedia&parent=28001"}],"wp:term":[{"taxonomy":"category","embeddable":true,"href":"https:\/\/gazetaregionalna.com\/index.php?rest_route=%2Fwp%2Fv2%2Fcategories&post=28001"},{"taxonomy":"post_tag","embeddable":true,"href":"https:\/\/gazetaregionalna.com\/index.php?rest_route=%2Fwp%2Fv2%2Ftags&post=28001"}],"curies":[{"name":"wp","href":"https:\/\/api.w.org\/{rel}","templated":true}]}}