{"id":27982,"date":"2020-12-03T12:57:02","date_gmt":"2020-12-03T12:57:02","guid":{"rendered":"https:\/\/gazetaregionalna.com\/?p=27982"},"modified":"2020-12-03T12:57:05","modified_gmt":"2020-12-03T12:57:05","slug":"przedszkole","status":"publish","type":"post","link":"https:\/\/gazetaregionalna.com\/?p=27982","title":{"rendered":"Przedszkole nr 37 zyska\u0142o now\u0105 elewacj\u0119"},"content":{"rendered":"\n<h2 class=\"wp-block-heading\">Miejskie przedszkole nr 37 znajduj\u0105ce\nsi\u0119 przy ul. Sportowej w Cz\u0119stochowie przesz\u0142o termomodernizacj\u0119. Budynek\nzosta\u0142 ocieplony i zyska\u0142 now\u0105 elewacj\u0119 oraz system wentylacyjny. <\/h2>\n\n\n\n<figure class=\"wp-block-image size-large is-resized\"><img decoding=\"async\" data-src=\"https:\/\/gazetaregionalna.com\/wp-content\/uploads\/2020\/12\/przedzskole-4.jpg\" alt=\"\" class=\"wp-image-27987 lazyload\" width=\"696\" height=\"463\" data-srcset=\"https:\/\/gazetaregionalna.com\/wp-content\/uploads\/2020\/12\/przedzskole-4.jpg 721w, https:\/\/gazetaregionalna.com\/wp-content\/uploads\/2020\/12\/przedzskole-4-300x200.jpg 300w, https:\/\/gazetaregionalna.com\/wp-content\/uploads\/2020\/12\/przedzskole-4-696x463.jpg 696w, https:\/\/gazetaregionalna.com\/wp-content\/uploads\/2020\/12\/przedzskole-4-631x420.jpg 631w\" data-sizes=\"(max-width: 696px) 100vw, 696px\" src=\"data:image\/svg+xml;base64,PHN2ZyB3aWR0aD0iMSIgaGVpZ2h0PSIxIiB4bWxucz0iaHR0cDovL3d3dy53My5vcmcvMjAwMC9zdmciPjwvc3ZnPg==\" style=\"--smush-placeholder-width: 696px; --smush-placeholder-aspect-ratio: 696\/463;\" \/><figcaption>Fot: UM Cz\u0119stochowa<\/figcaption><\/figure>\n\n\n\n<p>Prace polega\u0142y na;<\/p>\n\n\n\n<ul class=\"wp-block-list\"><li>Cz\u0119\u015bciowym skuciu\ntynk\u00f3w;<\/li><li>U\u0142o\u017ceniu izolacji\ntermicznej;<\/li><li>Po\u0142o\u017ceniu nowego\nkolorowego tynku;<\/li><li>Wymianie drzwi;<\/li><li>Wymianie cz\u0119\u015bci\nokien;<\/li><li>Monta\u017cu kratek\nwentylacyjnych;<\/li><li>Wyremontowaniu strefy\nwej\u015bciowej;<\/li><li>Wymianie instalacji\nodgromowej;<\/li><li>Wymianie rynien i\nrur spustowych.<\/li><\/ul>\n\n\n\n<p>Wzd\u0142u\u017c budynku u\u0142o\u017cona\nzosta\u0142a nowa kostka brukowa, rozebrano te\u017c star\u0105 pochylni\u0119 i wykonano now\u0105.\nZamontowano r\u00f3wnie\u017c murowan\u0105 ramp\u0119 z barierk\u0105 dostosowan\u0105 dla potrzeb os\u00f3b z\nniepe\u0142nosprawno\u015bciami.<\/p>\n\n\n\n<p>Prace budowlane wykona\u0142a firma \u201eDziedzicki\u201d z Konopisk. Remont trwa\u0142 od lipca do listopada i kosztowa\u0142 nieca\u0142e 632 tys. z\u0142.<\/p>\n\n\n\n<p>[post_gallery]<\/p>\n\n\n\n<p>Fot: UM Cz\u0119stochowa<\/p>\n","protected":false},"excerpt":{"rendered":"<p>Miejskie przedszkole nr 37 znajduj\u0105ce si\u0119 przy ul. Sportowej w Cz\u0119stochowie przesz\u0142o termomodernizacj\u0119. Budynek zosta\u0142 ocieplony i zyska\u0142 now\u0105 elewacj\u0119 oraz system wentylacyjny. Prace<\/p>\n","protected":false},"author":12,"featured_media":27988,"comment_status":"open","ping_status":"open","sticky":false,"template":"","format":"standard","meta":{"_monsterinsights_skip_tracking":false,"_monsterinsights_sitenote_active":false,"_monsterinsights_sitenote_note":"","_monsterinsights_sitenote_category":0,"_uf_show_specific_survey":0,"_uf_disable_surveys":false,"footnotes":""},"categories":[20,3,33,94,2],"tags":[],"class_list":["post-27982","post","type-post","status-publish","format-standard","has-post-thumbnail","hentry","category-budownictwo","category-czestochowa-informacje","category-inwestycje","category-polecane","category-wiadomosci"],"_links":{"self":[{"href":"https:\/\/gazetaregionalna.com\/index.php?rest_route=\/wp\/v2\/posts\/27982","targetHints":{"allow":["GET"]}}],"collection":[{"href":"https:\/\/gazetaregionalna.com\/index.php?rest_route=\/wp\/v2\/posts"}],"about":[{"href":"https:\/\/gazetaregionalna.com\/index.php?rest_route=\/wp\/v2\/types\/post"}],"author":[{"embeddable":true,"href":"https:\/\/gazetaregionalna.com\/index.php?rest_route=\/wp\/v2\/users\/12"}],"replies":[{"embeddable":true,"href":"https:\/\/gazetaregionalna.com\/index.php?rest_route=%2Fwp%2Fv2%2Fcomments&post=27982"}],"version-history":[{"count":2,"href":"https:\/\/gazetaregionalna.com\/index.php?rest_route=\/wp\/v2\/posts\/27982\/revisions"}],"predecessor-version":[{"id":27989,"href":"https:\/\/gazetaregionalna.com\/index.php?rest_route=\/wp\/v2\/posts\/27982\/revisions\/27989"}],"wp:featuredmedia":[{"embeddable":true,"href":"https:\/\/gazetaregionalna.com\/index.php?rest_route=\/wp\/v2\/media\/27988"}],"wp:attachment":[{"href":"https:\/\/gazetaregionalna.com\/index.php?rest_route=%2Fwp%2Fv2%2Fmedia&parent=27982"}],"wp:term":[{"taxonomy":"category","embeddable":true,"href":"https:\/\/gazetaregionalna.com\/index.php?rest_route=%2Fwp%2Fv2%2Fcategories&post=27982"},{"taxonomy":"post_tag","embeddable":true,"href":"https:\/\/gazetaregionalna.com\/index.php?rest_route=%2Fwp%2Fv2%2Ftags&post=27982"}],"curies":[{"name":"wp","href":"https:\/\/api.w.org\/{rel}","templated":true}]}}