{"id":27925,"date":"2020-12-02T11:22:18","date_gmt":"2020-12-02T11:22:18","guid":{"rendered":"https:\/\/gazetaregionalna.com\/?p=27925"},"modified":"2020-12-02T11:22:21","modified_gmt":"2020-12-02T11:22:21","slug":"swiateczne-paczki","status":"publish","type":"post","link":"https:\/\/gazetaregionalna.com\/?p=27925","title":{"rendered":"W K\u0142obucku szykuj\u0105 \u015bwi\u0105teczne paczki dla senior\u00f3w"},"content":{"rendered":"\n<h2 class=\"wp-block-heading\">Gmina K\u0142obuck pragnie wesprze\u0107 senior\u00f3w w tym\nprzed\u015bwi\u0105tecznym okresie, dlatego szykuje dla nich \u015bwi\u0105teczne paczki. &nbsp;<\/h2>\n\n\n\n<p>W tym roku \u015awi\u0119ta Bo\u017cego Narodzenia b\u0119d\u0105 inne ni\u017c zawsze. W\nwyniku obostrze\u0144 zwi\u0105zanych z pandemi\u0105 wiele os\u00f3b nie wychodzi z domu lub unika\nkontaktu z drug\u0105 osob\u0105, nawet z rodzin\u0105. Wprowadzone s\u0105 te\u017c limity os\u00f3b mog\u0105cych\nzasi\u0105\u015b\u0107 do wigilijnego sto\u0142u.<\/p>\n\n\n\n<p>Te \u015bwi\u0119ta b\u0119d\u0105 zapewne ci\u0119\u017ckie dla wielu senior\u00f3w, dlatego, aby im chocia\u017c troch\u0119 pom\u00f3c Gmina K\u0142obuck, Gminny O\u015brodek Pomocy Spo\u0142ecznej wraz z gminnymi szko\u0142ami podstawowymi i przedszkolami szykuj\u0105 dla nich paczki \u015bwi\u0105teczne.<\/p>\n\n\n\n<p>St\u0105d te\u017c apel do ludzi dobrego serca, kt\u00f3rzy maj\u0105 za du\u017co pewnych rzeczy lub po prostu chc\u0105 wesprze\u0107 potrzebuj\u0105cych senior\u00f3w o dostarczanie dar\u00f3w do paczek w terminie od 1 do 18 grudnia 2020 roku. Mile widziane s\u0105:<\/p>\n\n\n\n<ul class=\"wp-block-list\"><li>\u017bywno\u015b\u0107;<\/li><li>Drobne kosmetyki;<\/li><li>\u015arodki czyszcz\u0105ce;<\/li><li>Dobre s\u0142owo na kartce (poczt\u00f3wce), kt\u00f3re zapewne\nuraduje serce seniora.<\/li><\/ul>\n\n\n\n<p>Dary nale\u017cy dostarczy\u0107 do:<\/p>\n\n\n\n<ul class=\"wp-block-list\"><li>Urz\u0119du Miejskiego w K\u0142obucku (ul. 11 Listopada 6 oraz ul.\nZamkowa 12);<\/li><li>Najbli\u017csza szko\u0142a podstawowa;<\/li><li>Najbli\u017csze przedszkole.<\/li><\/ul>\n\n\n\n<p>W\u0142odarze K\u0142obucka zach\u0119caj\u0105 tak\u017ce lokalne przedsi\u0119biorstwa oraz restaurator\u00f3w o w\u0142\u0105czenie si\u0119 do akcji.<\/p>\n","protected":false},"excerpt":{"rendered":"<p>Gmina K\u0142obuck pragnie wesprze\u0107 senior\u00f3w w tym przed\u015bwi\u0105tecznym okresie, dlatego szykuje dla nich \u015bwi\u0105teczne paczki. &nbsp; W tym roku \u015awi\u0119ta Bo\u017cego Narodzenia b\u0119d\u0105 inne<\/p>\n","protected":false},"author":12,"featured_media":27927,"comment_status":"open","ping_status":"open","sticky":false,"template":"","format":"standard","meta":{"_monsterinsights_skip_tracking":false,"_monsterinsights_sitenote_active":false,"_monsterinsights_sitenote_note":"","_monsterinsights_sitenote_category":0,"_uf_show_specific_survey":0,"_uf_disable_surveys":false,"footnotes":""},"categories":[94,27,2],"tags":[],"class_list":["post-27925","post","type-post","status-publish","format-standard","has-post-thumbnail","hentry","category-polecane","category-klobuck-informacje","category-wiadomosci"],"_links":{"self":[{"href":"https:\/\/gazetaregionalna.com\/index.php?rest_route=\/wp\/v2\/posts\/27925","targetHints":{"allow":["GET"]}}],"collection":[{"href":"https:\/\/gazetaregionalna.com\/index.php?rest_route=\/wp\/v2\/posts"}],"about":[{"href":"https:\/\/gazetaregionalna.com\/index.php?rest_route=\/wp\/v2\/types\/post"}],"author":[{"embeddable":true,"href":"https:\/\/gazetaregionalna.com\/index.php?rest_route=\/wp\/v2\/users\/12"}],"replies":[{"embeddable":true,"href":"https:\/\/gazetaregionalna.com\/index.php?rest_route=%2Fwp%2Fv2%2Fcomments&post=27925"}],"version-history":[{"count":2,"href":"https:\/\/gazetaregionalna.com\/index.php?rest_route=\/wp\/v2\/posts\/27925\/revisions"}],"predecessor-version":[{"id":27929,"href":"https:\/\/gazetaregionalna.com\/index.php?rest_route=\/wp\/v2\/posts\/27925\/revisions\/27929"}],"wp:featuredmedia":[{"embeddable":true,"href":"https:\/\/gazetaregionalna.com\/index.php?rest_route=\/wp\/v2\/media\/27927"}],"wp:attachment":[{"href":"https:\/\/gazetaregionalna.com\/index.php?rest_route=%2Fwp%2Fv2%2Fmedia&parent=27925"}],"wp:term":[{"taxonomy":"category","embeddable":true,"href":"https:\/\/gazetaregionalna.com\/index.php?rest_route=%2Fwp%2Fv2%2Fcategories&post=27925"},{"taxonomy":"post_tag","embeddable":true,"href":"https:\/\/gazetaregionalna.com\/index.php?rest_route=%2Fwp%2Fv2%2Ftags&post=27925"}],"curies":[{"name":"wp","href":"https:\/\/api.w.org\/{rel}","templated":true}]}}