{"id":27865,"date":"2020-12-02T07:09:59","date_gmt":"2020-12-02T07:09:59","guid":{"rendered":"https:\/\/gazetaregionalna.com\/?p=27865"},"modified":"2020-12-02T07:10:02","modified_gmt":"2020-12-02T07:10:02","slug":"lodowisko","status":"publish","type":"post","link":"https:\/\/gazetaregionalna.com\/?p=27865","title":{"rendered":"W Blachowni b\u0119dzie otwarte lodowisko"},"content":{"rendered":"\n<h2 class=\"wp-block-heading\">Gmina Blachownia mimo pandemii postanawia otworzy\u0107 miejskie\nlodowisko. Zasady korzystania z niego ulegn\u0105 jednak zmianie.<\/h2>\n\n\n\n<figure class=\"wp-block-image size-large is-resized\"><img decoding=\"async\" data-src=\"https:\/\/gazetaregionalna.com\/wp-content\/uploads\/2020\/12\/lodowisko-blachownia-1.jpg\" alt=\"\" class=\"wp-image-27870 lazyload\" width=\"800\" height=\"600\" data-srcset=\"https:\/\/gazetaregionalna.com\/wp-content\/uploads\/2020\/12\/lodowisko-blachownia-1.jpg 800w, https:\/\/gazetaregionalna.com\/wp-content\/uploads\/2020\/12\/lodowisko-blachownia-1-300x225.jpg 300w, https:\/\/gazetaregionalna.com\/wp-content\/uploads\/2020\/12\/lodowisko-blachownia-1-768x576.jpg 768w, https:\/\/gazetaregionalna.com\/wp-content\/uploads\/2020\/12\/lodowisko-blachownia-1-80x60.jpg 80w, https:\/\/gazetaregionalna.com\/wp-content\/uploads\/2020\/12\/lodowisko-blachownia-1-265x198.jpg 265w, https:\/\/gazetaregionalna.com\/wp-content\/uploads\/2020\/12\/lodowisko-blachownia-1-696x522.jpg 696w, https:\/\/gazetaregionalna.com\/wp-content\/uploads\/2020\/12\/lodowisko-blachownia-1-560x420.jpg 560w\" data-sizes=\"(max-width: 800px) 100vw, 800px\" src=\"data:image\/svg+xml;base64,PHN2ZyB3aWR0aD0iMSIgaGVpZ2h0PSIxIiB4bWxucz0iaHR0cDovL3d3dy53My5vcmcvMjAwMC9zdmciPjwvc3ZnPg==\" style=\"--smush-placeholder-width: 800px; --smush-placeholder-aspect-ratio: 800\/600;\" \/><figcaption>Fot: Gmina Blachownia<\/figcaption><\/figure>\n\n\n\n<p>Na terenie gminy wida\u0107 ju\u017c pierwsze przygotowania do rozpocz\u0119cia\nzimowego sezonu. Z boku budynku Urz\u0119du Stanu Cywilnego w Blachowni, na miejscu\ndodatkowego parkingu, przygotowany zosta\u0142 teren pod budow\u0119 \u015blizgawki.<\/p>\n\n\n\n<p>Niestety ze wzgl\u0119du na pandemi\u0119 <strong>lodowisko b\u0119dzie dzia\u0142a\u0142o w nadchodz\u0105cym sezonie na nieco innych zasadach<\/strong>, mimo to takie<strong> <\/strong><em>rozwi\u0105zanie na pewno pozytywnie wp\u0142ynie na nastroje mieszka\u0144c\u00f3w, kt\u00f3rzy w dobie pandemii b\u0119d\u0105 chcieli poczu\u0107 si\u0119 chocia\u017c troszk\u0119 normalnie, tak jak w latach ubieg\u0142ych.<\/em><\/p>\n\n\n\n<figure class=\"wp-block-image size-large\"><img decoding=\"async\" width=\"449\" height=\"600\" data-src=\"https:\/\/gazetaregionalna.com\/wp-content\/uploads\/2020\/12\/lodowisko-blachownia-2.jpg\" alt=\"\" class=\"wp-image-27871 lazyload\" data-srcset=\"https:\/\/gazetaregionalna.com\/wp-content\/uploads\/2020\/12\/lodowisko-blachownia-2.jpg 449w, https:\/\/gazetaregionalna.com\/wp-content\/uploads\/2020\/12\/lodowisko-blachownia-2-225x300.jpg 225w, https:\/\/gazetaregionalna.com\/wp-content\/uploads\/2020\/12\/lodowisko-blachownia-2-314x420.jpg 314w\" data-sizes=\"(max-width: 449px) 100vw, 449px\" src=\"data:image\/svg+xml;base64,PHN2ZyB3aWR0aD0iMSIgaGVpZ2h0PSIxIiB4bWxucz0iaHR0cDovL3d3dy53My5vcmcvMjAwMC9zdmciPjwvc3ZnPg==\" style=\"--smush-placeholder-width: 449px; --smush-placeholder-aspect-ratio: 449\/600;\" \/><figcaption>Fot: Gmina Blachownia<\/figcaption><\/figure>\n\n\n\n<p>&#8211;&nbsp;\u201e<em>Podj\u0119li\u015bmy decyzj\u0119 o otwarciu miejskiej\n\u015blizgawki mimo pandemii, maj\u0105c na uwadze pozytywny wp\u0142yw ruchu na \u015bwie\u017cym\npowietrzu na organizm i samopoczucie<\/em><em>\u201d<\/em> &#8211; m\u00f3wi\nBurmistrz Blachowni Sylwia Szyma\u0144ska.<\/p>\n\n\n\n<p>&#8211;<em>&nbsp;<\/em><em>\u201e<\/em><em>Oczywi\u015bcie, lodowisko b\u0119dzie\ndzia\u0142a\u0142o w re\u017cimie sanitarnym. O wprowadzonych zasadach wkr\u00f3tce poinformujemy<\/em><em>\u201d<\/em><em> \u2013 dodaje.<\/em><\/p>\n\n\n\n<p>Dla przypomnienia, lodowisko miejskie w ca\u0142o\u015bci nale\u017cy do gminy Blachownia, kt\u00f3ra zakupi\u0142a je z w\u0142asnych \u015brodk\u00f3w samorz\u0105du w kwocie 270 tys. z\u0142. <\/p>\n\n\n\n<p>Od samego pocz\u0105tku \u015blizgawka cieszy\u0142a si\u0119 ogromnym zainteresowaniem. Rekord popularno\u015bci pad\u0142 w sezonie 2019\/2020. Od 15 grudnia 2019 do 1 marca 2020 roku \u0142y\u017cwy zosta\u0142y wypo\u017cyczone a\u017c\u00a05703 razy.\u00a0 W poprzednim sezonie odnotowano oko\u0142o 4500 wypo\u017cycze\u0144.<em> <\/em><\/p>\n\n\n\n<figure class=\"wp-block-image size-large\"><img decoding=\"async\" width=\"449\" height=\"600\" data-src=\"https:\/\/gazetaregionalna.com\/wp-content\/uploads\/2020\/12\/lodowisko-blachownia.jpg\" alt=\"\" class=\"wp-image-27872 lazyload\" data-srcset=\"https:\/\/gazetaregionalna.com\/wp-content\/uploads\/2020\/12\/lodowisko-blachownia.jpg 449w, https:\/\/gazetaregionalna.com\/wp-content\/uploads\/2020\/12\/lodowisko-blachownia-225x300.jpg 225w, https:\/\/gazetaregionalna.com\/wp-content\/uploads\/2020\/12\/lodowisko-blachownia-314x420.jpg 314w\" data-sizes=\"(max-width: 449px) 100vw, 449px\" src=\"data:image\/svg+xml;base64,PHN2ZyB3aWR0aD0iMSIgaGVpZ2h0PSIxIiB4bWxucz0iaHR0cDovL3d3dy53My5vcmcvMjAwMC9zdmciPjwvc3ZnPg==\" style=\"--smush-placeholder-width: 449px; --smush-placeholder-aspect-ratio: 449\/600;\" \/><figcaption>Fot: Gmina Blachownia<\/figcaption><\/figure>\n","protected":false},"excerpt":{"rendered":"<p>Gmina Blachownia mimo pandemii postanawia otworzy\u0107 miejskie lodowisko. Zasady korzystania z niego ulegn\u0105 jednak zmianie. Na terenie gminy wida\u0107 ju\u017c pierwsze przygotowania do rozpocz\u0119cia<\/p>\n","protected":false},"author":12,"featured_media":27873,"comment_status":"open","ping_status":"open","sticky":false,"template":"","format":"standard","meta":{"_monsterinsights_skip_tracking":false,"_monsterinsights_sitenote_active":false,"_monsterinsights_sitenote_note":"","_monsterinsights_sitenote_category":0,"_uf_show_specific_survey":0,"_uf_disable_surveys":false,"footnotes":""},"categories":[12,3,15,94,4,2],"tags":[],"class_list":["post-27865","post","type-post","status-publish","format-standard","has-post-thumbnail","hentry","category-kultura-i-rozrywka","category-czestochowa-informacje","category-dla-dzieci","category-polecane","category-region","category-wiadomosci"],"_links":{"self":[{"href":"https:\/\/gazetaregionalna.com\/index.php?rest_route=\/wp\/v2\/posts\/27865","targetHints":{"allow":["GET"]}}],"collection":[{"href":"https:\/\/gazetaregionalna.com\/index.php?rest_route=\/wp\/v2\/posts"}],"about":[{"href":"https:\/\/gazetaregionalna.com\/index.php?rest_route=\/wp\/v2\/types\/post"}],"author":[{"embeddable":true,"href":"https:\/\/gazetaregionalna.com\/index.php?rest_route=\/wp\/v2\/users\/12"}],"replies":[{"embeddable":true,"href":"https:\/\/gazetaregionalna.com\/index.php?rest_route=%2Fwp%2Fv2%2Fcomments&post=27865"}],"version-history":[{"count":2,"href":"https:\/\/gazetaregionalna.com\/index.php?rest_route=\/wp\/v2\/posts\/27865\/revisions"}],"predecessor-version":[{"id":27874,"href":"https:\/\/gazetaregionalna.com\/index.php?rest_route=\/wp\/v2\/posts\/27865\/revisions\/27874"}],"wp:featuredmedia":[{"embeddable":true,"href":"https:\/\/gazetaregionalna.com\/index.php?rest_route=\/wp\/v2\/media\/27873"}],"wp:attachment":[{"href":"https:\/\/gazetaregionalna.com\/index.php?rest_route=%2Fwp%2Fv2%2Fmedia&parent=27865"}],"wp:term":[{"taxonomy":"category","embeddable":true,"href":"https:\/\/gazetaregionalna.com\/index.php?rest_route=%2Fwp%2Fv2%2Fcategories&post=27865"},{"taxonomy":"post_tag","embeddable":true,"href":"https:\/\/gazetaregionalna.com\/index.php?rest_route=%2Fwp%2Fv2%2Ftags&post=27865"}],"curies":[{"name":"wp","href":"https:\/\/api.w.org\/{rel}","templated":true}]}}