{"id":2783,"date":"2019-04-29T07:19:44","date_gmt":"2019-04-29T07:19:44","guid":{"rendered":"https:\/\/gazetaregionalna.com\/?p=2783"},"modified":"2019-04-29T07:19:46","modified_gmt":"2019-04-29T07:19:46","slug":"mlodzi-artysci-mdk-w-finale-festiwalu-w-chorzowie","status":"publish","type":"post","link":"https:\/\/gazetaregionalna.com\/?p=2783","title":{"rendered":"M\u0142odzi arty\u015bci MDK w finale festiwalu w Chorzowie!"},"content":{"rendered":"\n<p>6 maja 2019 roku 70 zdolnych tancerzy, wokalist\u00f3w oraz aktor\u00f3w na co dzie\u0144 rozwijaj\u0105cych swoje talenty w Miejskim Domu Kultury w Lubli\u0144cu ma szans\u0119 podbi\u0107 scen\u0119 Chorzowskiego Centrum Kultury!<\/p>\n\n\n\n<p>A to za spraw\u0105 spektaklu muzycznego \u201eKlementyna\u201d, kt\u00f3ry bierze udzia\u0142 w VIII Festiwalu Ma\u0142ych Form Artystycznych. Talent uczestnik\u00f3w sekcji MDK w po\u0142\u0105czeniu z ci\u0119\u017ck\u0105 prac\u0105 instruktor\u00f3w zosta\u0142 doceniony przez chorzowskie jury, kt\u00f3re mia\u0142o szans\u0119 uczestniczy\u0107 w jednej z ods\u0142on musicalu 21 marca 2019 roku w Miejskim Domu Kultury w Lubli\u0144cu.<\/p>\n\n\n\n<p>Komisja by\u0142a zachwycona wyst\u0119pem lublinieckiej m\u0142odzie\u017cy, co poskutkowa\u0142o zaproszeniem na przes\u0142uchania fina\u0142owe. Czy m\u0142odzi arty\u015bci podbij\u0105 serca chorzowskiej publiczno\u015bci?<\/p>\n\n\n\n<p>Przypomnijmy, \u017ce inspiracj\u0105 do przedstawienia \u201eKlementyna\u201d by\u0142a wsp\u00f3\u0142czesna rzeczywisto\u015b\u0107, kt\u00f3rej nieod\u0142\u0105czn\u0105 cz\u0119\u015bci\u0105 sta\u0142y si\u0119 urz\u0105dzenia takie jak smartfony, czy tablety. Dodatkowym atutem jest muzyka na \u017cywo w wykonaniu profesjonalnego zespo\u0142u. Scenariusz i re\u017cyseria to dzie\u0142o Agnieszki Raj-Kubat. Niew\u0105tpliwym walorem artystycznym \u201eKlementyny\u201d jest przes\u0142anie, kt\u00f3re na d\u0142ugo pozostaje w sercach odbiorc\u00f3w.<\/p>\n\n\n\n<p>(red. \/ fot. Atelier)<\/p>\n","protected":false},"excerpt":{"rendered":"<p>6 maja 2019 roku 70 zdolnych tancerzy, wokalist\u00f3w oraz aktor\u00f3w na co dzie\u0144 rozwijaj\u0105cych swoje talenty w Miejskim Domu Kultury w Lubli\u0144cu ma szans\u0119<\/p>\n","protected":false},"author":3,"featured_media":2784,"comment_status":"open","ping_status":"open","sticky":false,"template":"","format":"standard","meta":{"_monsterinsights_skip_tracking":false,"_monsterinsights_sitenote_active":false,"_monsterinsights_sitenote_note":"","_monsterinsights_sitenote_category":0,"_uf_show_specific_survey":0,"_uf_disable_surveys":false,"footnotes":""},"categories":[12,25],"tags":[],"class_list":["post-2783","post","type-post","status-publish","format-standard","has-post-thumbnail","hentry","category-kultura-i-rozrywka","category-lubliniec"],"_links":{"self":[{"href":"https:\/\/gazetaregionalna.com\/index.php?rest_route=\/wp\/v2\/posts\/2783","targetHints":{"allow":["GET"]}}],"collection":[{"href":"https:\/\/gazetaregionalna.com\/index.php?rest_route=\/wp\/v2\/posts"}],"about":[{"href":"https:\/\/gazetaregionalna.com\/index.php?rest_route=\/wp\/v2\/types\/post"}],"author":[{"embeddable":true,"href":"https:\/\/gazetaregionalna.com\/index.php?rest_route=\/wp\/v2\/users\/3"}],"replies":[{"embeddable":true,"href":"https:\/\/gazetaregionalna.com\/index.php?rest_route=%2Fwp%2Fv2%2Fcomments&post=2783"}],"version-history":[{"count":1,"href":"https:\/\/gazetaregionalna.com\/index.php?rest_route=\/wp\/v2\/posts\/2783\/revisions"}],"predecessor-version":[{"id":2785,"href":"https:\/\/gazetaregionalna.com\/index.php?rest_route=\/wp\/v2\/posts\/2783\/revisions\/2785"}],"wp:featuredmedia":[{"embeddable":true,"href":"https:\/\/gazetaregionalna.com\/index.php?rest_route=\/wp\/v2\/media\/2784"}],"wp:attachment":[{"href":"https:\/\/gazetaregionalna.com\/index.php?rest_route=%2Fwp%2Fv2%2Fmedia&parent=2783"}],"wp:term":[{"taxonomy":"category","embeddable":true,"href":"https:\/\/gazetaregionalna.com\/index.php?rest_route=%2Fwp%2Fv2%2Fcategories&post=2783"},{"taxonomy":"post_tag","embeddable":true,"href":"https:\/\/gazetaregionalna.com\/index.php?rest_route=%2Fwp%2Fv2%2Ftags&post=2783"}],"curies":[{"name":"wp","href":"https:\/\/api.w.org\/{rel}","templated":true}]}}