{"id":27786,"date":"2020-12-01T08:40:33","date_gmt":"2020-12-01T08:40:33","guid":{"rendered":"https:\/\/gazetaregionalna.com\/?p=27786"},"modified":"2020-12-01T08:43:56","modified_gmt":"2020-12-01T08:43:56","slug":"mlodzi-z-zarek-maja-talent","status":"publish","type":"post","link":"https:\/\/gazetaregionalna.com\/?p=27786","title":{"rendered":"M\u0142odzi z \u017barek maj\u0105 talent"},"content":{"rendered":"\n<h2 class=\"wp-block-heading\"> M\u0142odzi z \u017barek maj\u0105 talent. Zdolno\u015bci wokalne pi\u0119ciu mieszkanek gminy utrwalone zosta\u0142y na p\u0142ycie.<\/h2>\n\n\n\n<p> [post_gallery] <\/p>\n\n\n\n<p>Wydawnictwo nosi tytu\u0142 \u201eTalenty Powiatu Myszkowskiego\u201d i ukaza\u0142o si\u0119 dzi\u0119ki wsparciu lokalnych samorz\u0105d\u00f3w. W\u015br\u00f3d wykonawc\u00f3w, kt\u00f3rzy zarejestrowani zostali na p\u0142ycie znale\u017ali si\u0119: Hania Pasikowska, Julia Sikora,  Aleksandra Morawiec, Marlena Major i Zofia Cieleb\u0105k z Gminy \u017barki.<\/p>\n\n\n\n<p>&#8211;<em>Nagranie p\u0142yty to wspania\u0142a okazja dla naszych zdolnych wokalist\u00f3w<\/em> &#8211; m\u00f3wi zast\u0119pca burmistrza \u017barek Jakub Grabowski.- <em>W tym roku utalentowana m\u0142odzie\u017c nie mia\u0142a mo\u017cliwo\u015bci wyst\u0105pi\u0107 w organizowanym corocznie przez Powiat Myszkowski Festiwalu \u201eNasz Talent\u201d.  Dlatego Gmina \u017barki postanowi\u0142a uczestniczy\u0107 w tym interesuj\u0105cym przedsi\u0119wzi\u0119ciu. Wszystkim uczestnikom nagrania, to zupe\u0142nie nowe do\u015bwiadczenie, bardzo si\u0119 podoba\u0142o.<\/em><\/p>\n\n\n\n<p>Jak informuje Urz\u0105d Miasta i Gminy \u017barki, na p\u0142ycie znalaz\u0142y si\u0119 utwory muzyczne w wykonaniu uzdolnionej m\u0142odzie\u017cy z Powiatu Myszkowskiego z towarzyszeniem Orkiestry Festiwalowej i Ma\u0142ej Akademii Gitary. Utwory zosta\u0142y odpowiednio zaaran\u017cowane, a nagranie odby\u0142o si\u0119 w Miejskim Domu Kultury w Myszkowie.<\/p>\n\n\n\n<p>M\u0142odym muzykom gratulujemy p\u0142yty i \u017cyczymy kolejnych sukces\u00f3w.<br> (fot. UMiG \u017barki)<\/p>\n","protected":false},"excerpt":{"rendered":"<p>M\u0142odzi z \u017barek maj\u0105 talent. Zdolno\u015bci wokalne pi\u0119ciu mieszkanek gminy utrwalone zosta\u0142y na p\u0142ycie. [post_gallery] Wydawnictwo nosi tytu\u0142 \u201eTalenty Powiatu Myszkowskiego\u201d i ukaza\u0142o si\u0119<\/p>\n","protected":false},"author":7,"featured_media":27792,"comment_status":"open","ping_status":"open","sticky":false,"template":"","format":"standard","meta":{"_monsterinsights_skip_tracking":false,"_monsterinsights_sitenote_active":false,"_monsterinsights_sitenote_note":"","_monsterinsights_sitenote_category":0,"_uf_show_specific_survey":0,"_uf_disable_surveys":false,"footnotes":""},"categories":[12,26,94,4,2],"tags":[],"class_list":["post-27786","post","type-post","status-publish","format-standard","has-post-thumbnail","hentry","category-kultura-i-rozrywka","category-myszkow","category-polecane","category-region","category-wiadomosci"],"_links":{"self":[{"href":"https:\/\/gazetaregionalna.com\/index.php?rest_route=\/wp\/v2\/posts\/27786","targetHints":{"allow":["GET"]}}],"collection":[{"href":"https:\/\/gazetaregionalna.com\/index.php?rest_route=\/wp\/v2\/posts"}],"about":[{"href":"https:\/\/gazetaregionalna.com\/index.php?rest_route=\/wp\/v2\/types\/post"}],"author":[{"embeddable":true,"href":"https:\/\/gazetaregionalna.com\/index.php?rest_route=\/wp\/v2\/users\/7"}],"replies":[{"embeddable":true,"href":"https:\/\/gazetaregionalna.com\/index.php?rest_route=%2Fwp%2Fv2%2Fcomments&post=27786"}],"version-history":[{"count":3,"href":"https:\/\/gazetaregionalna.com\/index.php?rest_route=\/wp\/v2\/posts\/27786\/revisions"}],"predecessor-version":[{"id":27794,"href":"https:\/\/gazetaregionalna.com\/index.php?rest_route=\/wp\/v2\/posts\/27786\/revisions\/27794"}],"wp:featuredmedia":[{"embeddable":true,"href":"https:\/\/gazetaregionalna.com\/index.php?rest_route=\/wp\/v2\/media\/27792"}],"wp:attachment":[{"href":"https:\/\/gazetaregionalna.com\/index.php?rest_route=%2Fwp%2Fv2%2Fmedia&parent=27786"}],"wp:term":[{"taxonomy":"category","embeddable":true,"href":"https:\/\/gazetaregionalna.com\/index.php?rest_route=%2Fwp%2Fv2%2Fcategories&post=27786"},{"taxonomy":"post_tag","embeddable":true,"href":"https:\/\/gazetaregionalna.com\/index.php?rest_route=%2Fwp%2Fv2%2Ftags&post=27786"}],"curies":[{"name":"wp","href":"https:\/\/api.w.org\/{rel}","templated":true}]}}