{"id":27777,"date":"2020-12-01T08:17:26","date_gmt":"2020-12-01T08:17:26","guid":{"rendered":"https:\/\/gazetaregionalna.com\/?p=27777"},"modified":"2020-12-01T08:17:31","modified_gmt":"2020-12-01T08:17:31","slug":"czestochowa-wylaczy-dzisiaj-na-godzine-uliczne-oswietlenie-aby-w-ten-sposob-pokazac-co-nas-czeka-bez-unijnych-dotacji","status":"publish","type":"post","link":"https:\/\/gazetaregionalna.com\/?p=27777","title":{"rendered":"Cz\u0119stochowa wy\u0142\u0105czy dzisiaj na godzin\u0119 uliczne o\u015bwietlenie, aby w ten spos\u00f3b pokaza\u0107, co nas czeka bez unijnych dotacji"},"content":{"rendered":"\n<figure class=\"wp-block-image size-large\"><img decoding=\"async\" width=\"900\" height=\"675\" data-src=\"https:\/\/gazetaregionalna.com\/wp-content\/uploads\/2020\/12\/swiatlo.jpg\" alt=\"\" class=\"wp-image-27779 lazyload\" data-srcset=\"https:\/\/gazetaregionalna.com\/wp-content\/uploads\/2020\/12\/swiatlo.jpg 900w, https:\/\/gazetaregionalna.com\/wp-content\/uploads\/2020\/12\/swiatlo-300x225.jpg 300w, https:\/\/gazetaregionalna.com\/wp-content\/uploads\/2020\/12\/swiatlo-768x576.jpg 768w, https:\/\/gazetaregionalna.com\/wp-content\/uploads\/2020\/12\/swiatlo-80x60.jpg 80w, https:\/\/gazetaregionalna.com\/wp-content\/uploads\/2020\/12\/swiatlo-265x198.jpg 265w, https:\/\/gazetaregionalna.com\/wp-content\/uploads\/2020\/12\/swiatlo-696x522.jpg 696w, https:\/\/gazetaregionalna.com\/wp-content\/uploads\/2020\/12\/swiatlo-560x420.jpg 560w\" data-sizes=\"(max-width: 900px) 100vw, 900px\" src=\"data:image\/svg+xml;base64,PHN2ZyB3aWR0aD0iMSIgaGVpZ2h0PSIxIiB4bWxucz0iaHR0cDovL3d3dy53My5vcmcvMjAwMC9zdmciPjwvc3ZnPg==\" style=\"--smush-placeholder-width: 900px; --smush-placeholder-aspect-ratio: 900\/675;\" \/><\/figure>\n\n\n\n<p>Cz\u0119stochowa wy\u0142\u0105czy dzisiaj na godzin\u0119 uliczne o\u015bwietlenie na Placu Biega\u0144skiego, aby w ten spos\u00f3b pokaza\u0107, co nas czeka bez unijnych dotacji. Miasto przy\u0142\u0105cza si\u0119 tym samym do dzisiejszej og\u00f3lnopolskiej akcji pod has\u0142em: \u201eTak! Samorz\u0105dy dla Polski\u201d .<br> O godzinie 17 w wielu miastach w ca\u0142ym kraju, na godzin\u0119 wy\u0142\u0105czone zostanie uliczne o\u015bwietlenie. Ma to pokaza\u0107, jaka przysz\u0142o\u015b\u0107 czeka nasz kraj i nasze miasta po zapowiadanym przez rz\u0105d zawetowaniu unijnego bud\u017cetu.<\/p>\n\n\n\n<p><br> Coraz wi\u0119cej polskich samorz\u0105d\u00f3w reaguje na zapowied\u017a zg\u0142oszenia weta polskiego rz\u0105du w sprawie bud\u017cetu Unii Europejskiej. Radni i samorz\u0105dowcy z ca\u0142ego kraju sprzeciwiaj\u0105 si\u0119 zapowiadanemu wetu, pisz\u0105 apele i protesty, cz\u0119\u015b\u0107 miast zapowiedzia\u0142a akcj\u0119 protestacyjn\u0105. <\/p>\n\n\n\n<p>Dzi\u015b pierwsza pr\u00f3ba uzmys\u0142owienia zar\u00f3wno rz\u0105dz\u0105cym, jak i mieszka\u0144com, do czego mo\u017ce doprowadzi\u0107 weto polskiego rz\u0105du.<\/p>\n\n\n\n<p>(fot. UM Cz\u0119stochowa)<\/p>\n","protected":false},"excerpt":{"rendered":"<p>Cz\u0119stochowa wy\u0142\u0105czy dzisiaj na godzin\u0119 uliczne o\u015bwietlenie na Placu Biega\u0144skiego, aby w ten spos\u00f3b pokaza\u0107, co nas czeka bez unijnych dotacji. Miasto przy\u0142\u0105cza si\u0119<\/p>\n","protected":false},"author":7,"featured_media":27785,"comment_status":"open","ping_status":"open","sticky":false,"template":"","format":"standard","meta":{"_monsterinsights_skip_tracking":false,"_monsterinsights_sitenote_active":false,"_monsterinsights_sitenote_note":"","_monsterinsights_sitenote_category":0,"_uf_show_specific_survey":0,"_uf_disable_surveys":false,"footnotes":""},"categories":[94,3,2],"tags":[],"class_list":["post-27777","post","type-post","status-publish","format-standard","has-post-thumbnail","hentry","category-polecane","category-czestochowa-informacje","category-wiadomosci"],"_links":{"self":[{"href":"https:\/\/gazetaregionalna.com\/index.php?rest_route=\/wp\/v2\/posts\/27777","targetHints":{"allow":["GET"]}}],"collection":[{"href":"https:\/\/gazetaregionalna.com\/index.php?rest_route=\/wp\/v2\/posts"}],"about":[{"href":"https:\/\/gazetaregionalna.com\/index.php?rest_route=\/wp\/v2\/types\/post"}],"author":[{"embeddable":true,"href":"https:\/\/gazetaregionalna.com\/index.php?rest_route=\/wp\/v2\/users\/7"}],"replies":[{"embeddable":true,"href":"https:\/\/gazetaregionalna.com\/index.php?rest_route=%2Fwp%2Fv2%2Fcomments&post=27777"}],"version-history":[{"count":4,"href":"https:\/\/gazetaregionalna.com\/index.php?rest_route=\/wp\/v2\/posts\/27777\/revisions"}],"predecessor-version":[{"id":27784,"href":"https:\/\/gazetaregionalna.com\/index.php?rest_route=\/wp\/v2\/posts\/27777\/revisions\/27784"}],"wp:featuredmedia":[{"embeddable":true,"href":"https:\/\/gazetaregionalna.com\/index.php?rest_route=\/wp\/v2\/media\/27785"}],"wp:attachment":[{"href":"https:\/\/gazetaregionalna.com\/index.php?rest_route=%2Fwp%2Fv2%2Fmedia&parent=27777"}],"wp:term":[{"taxonomy":"category","embeddable":true,"href":"https:\/\/gazetaregionalna.com\/index.php?rest_route=%2Fwp%2Fv2%2Fcategories&post=27777"},{"taxonomy":"post_tag","embeddable":true,"href":"https:\/\/gazetaregionalna.com\/index.php?rest_route=%2Fwp%2Fv2%2Ftags&post=27777"}],"curies":[{"name":"wp","href":"https:\/\/api.w.org\/{rel}","templated":true}]}}