{"id":27509,"date":"2020-11-28T08:51:17","date_gmt":"2020-11-28T08:51:17","guid":{"rendered":"https:\/\/gazetaregionalna.com\/?p=27509"},"modified":"2020-11-28T08:51:20","modified_gmt":"2020-11-28T08:51:20","slug":"pomagaja-wolontariusze","status":"publish","type":"post","link":"https:\/\/gazetaregionalna.com\/?p=27509","title":{"rendered":"W Szpitalu Powiatowym w Lubli\u0144cu pomagaj\u0105 wolontariusze"},"content":{"rendered":"\n<h2 class=\"wp-block-heading\">Po wystosowanym do wolontariuszy apelu o pomoc Szpitala\nPowiatowego w Lubli\u0144cu odzew by\u0142 du\u017cy.<\/h2>\n\n\n\n<p>Ci\u0105g\u0142e zachorowania na COVID-19 powoduj\u0105 du\u017ce os\u0142abienie gospodarki. Bardzo odczuwalne jest to w plac\u00f3wkach zdrowia, gdzie du\u017co pracownik\u00f3w przebywa na kwarantannie i w izolatoriach, a bardzo jest teraz potrzebna ka\u017cda para r\u0105k. <\/p>\n\n\n\n<p>Szpital postanowi\u0142 przeciwdzia\u0142a\u0107 ewentualnym problemom,\ndlatego poprosi\u0142 wolontariuszy o pomoc w wykonywaniu czynno\u015bci niemedycznych w punkcie\npobra\u0144 wymaz\u00f3w COVID \u2013 19 (drive-thru). Odzew by\u0142 du\u017cy.<\/p>\n\n\n\n<figure class=\"wp-block-image size-large\"><img decoding=\"async\" width=\"368\" height=\"586\" data-src=\"https:\/\/gazetaregionalna.com\/wp-content\/uploads\/2020\/11\/pomoc-wolontariuszy-6.jpeg\" alt=\"\" class=\"wp-image-27518 lazyload\" data-srcset=\"https:\/\/gazetaregionalna.com\/wp-content\/uploads\/2020\/11\/pomoc-wolontariuszy-6.jpeg 368w, https:\/\/gazetaregionalna.com\/wp-content\/uploads\/2020\/11\/pomoc-wolontariuszy-6-188x300.jpeg 188w, https:\/\/gazetaregionalna.com\/wp-content\/uploads\/2020\/11\/pomoc-wolontariuszy-6-264x420.jpeg 264w\" data-sizes=\"(max-width: 368px) 100vw, 368px\" src=\"data:image\/svg+xml;base64,PHN2ZyB3aWR0aD0iMSIgaGVpZ2h0PSIxIiB4bWxucz0iaHR0cDovL3d3dy53My5vcmcvMjAwMC9zdmciPjwvc3ZnPg==\" style=\"--smush-placeholder-width: 368px; --smush-placeholder-aspect-ratio: 368\/586;\" \/><figcaption>Fot: Starostwo Powiatowe w Lubli\u0144cu<\/figcaption><\/figure>\n\n\n\n<p>&#8211; <em>\u201eOdzew by\u0142 du\u017cy i dzisiaj pomaga nam kilku\nstudent\u00f3w medycyny, piel\u0119gniarstwa, ratownictwa medycznego, a nawet stra\u017cak.\nPotrzeby s\u0105 jednak du\u017ce, wi\u0119c zapraszamy wszystkich ch\u0119tnych, kt\u00f3rzy mogliby\nwspom\u00f3c szpital w czynno\u015bciach niemedycznych\u201d<\/em> \u2013 m\u00f3wi Ilona Kasprowicz,\nnaczelna piel\u0119gniarka Szpitala Powiatowego w Lubli\u0144cu.<\/p>\n\n\n\n<p>&#8211; <em>\u201eJako przysz\u0142y lekarz czuj\u0119 tak\u0105\nodpowiedzialno\u015b\u0107, je\u017celi mog\u0119 pom\u00f3c, ch\u0119tnie anga\u017cuj\u0119 si\u0119 w prac\u0119 szpitala\u201d<\/em>\n&#8211; m\u00f3wi Piotr Kasprowicz, wolontariusz, student \u015aUM w Katowicach.<\/p>\n\n\n\n<p>Osoby ch\u0119tne do pomocy w Szpitalu Powiatowym jako wolontariusze wszelkie informacje mog\u0105 uzyska\u0107 pod nr telefonu 34 35 06 379\/ 34 35 06 387 lub osobi\u015bcie w Administracji SPZOZ w Lubli\u0144cu ul. Sobieskiego 9, II pi\u0119tro od poniedzia\u0142ku do pi\u0105tku w godz. 8:00 do 15:00.<\/p>\n\n\n\n<p>[post_gallery]<\/p>\n\n\n\n<p>Fot: Starostwo Powiatowe w Lubli\u0144cu<\/p>\n","protected":false},"excerpt":{"rendered":"<p>Po wystosowanym do wolontariuszy apelu o pomoc Szpitala Powiatowego w Lubli\u0144cu odzew by\u0142 du\u017cy. Ci\u0105g\u0142e zachorowania na COVID-19 powoduj\u0105 du\u017ce os\u0142abienie gospodarki. Bardzo odczuwalne<\/p>\n","protected":false},"author":12,"featured_media":27512,"comment_status":"open","ping_status":"open","sticky":false,"template":"","format":"standard","meta":{"_monsterinsights_skip_tracking":false,"_monsterinsights_sitenote_active":false,"_monsterinsights_sitenote_note":"","_monsterinsights_sitenote_category":0,"_uf_show_specific_survey":0,"_uf_disable_surveys":false,"footnotes":""},"categories":[94,25,2,37],"tags":[],"class_list":["post-27509","post","type-post","status-publish","format-standard","has-post-thumbnail","hentry","category-polecane","category-lubliniec","category-wiadomosci","category-zdrowie"],"_links":{"self":[{"href":"https:\/\/gazetaregionalna.com\/index.php?rest_route=\/wp\/v2\/posts\/27509","targetHints":{"allow":["GET"]}}],"collection":[{"href":"https:\/\/gazetaregionalna.com\/index.php?rest_route=\/wp\/v2\/posts"}],"about":[{"href":"https:\/\/gazetaregionalna.com\/index.php?rest_route=\/wp\/v2\/types\/post"}],"author":[{"embeddable":true,"href":"https:\/\/gazetaregionalna.com\/index.php?rest_route=\/wp\/v2\/users\/12"}],"replies":[{"embeddable":true,"href":"https:\/\/gazetaregionalna.com\/index.php?rest_route=%2Fwp%2Fv2%2Fcomments&post=27509"}],"version-history":[{"count":2,"href":"https:\/\/gazetaregionalna.com\/index.php?rest_route=\/wp\/v2\/posts\/27509\/revisions"}],"predecessor-version":[{"id":27519,"href":"https:\/\/gazetaregionalna.com\/index.php?rest_route=\/wp\/v2\/posts\/27509\/revisions\/27519"}],"wp:featuredmedia":[{"embeddable":true,"href":"https:\/\/gazetaregionalna.com\/index.php?rest_route=\/wp\/v2\/media\/27512"}],"wp:attachment":[{"href":"https:\/\/gazetaregionalna.com\/index.php?rest_route=%2Fwp%2Fv2%2Fmedia&parent=27509"}],"wp:term":[{"taxonomy":"category","embeddable":true,"href":"https:\/\/gazetaregionalna.com\/index.php?rest_route=%2Fwp%2Fv2%2Fcategories&post=27509"},{"taxonomy":"post_tag","embeddable":true,"href":"https:\/\/gazetaregionalna.com\/index.php?rest_route=%2Fwp%2Fv2%2Ftags&post=27509"}],"curies":[{"name":"wp","href":"https:\/\/api.w.org\/{rel}","templated":true}]}}