{"id":27461,"date":"2020-11-27T09:46:19","date_gmt":"2020-11-27T09:46:19","guid":{"rendered":"https:\/\/gazetaregionalna.com\/?p=27461"},"modified":"2020-11-27T09:46:21","modified_gmt":"2020-11-27T09:46:21","slug":"przetarg-2","status":"publish","type":"post","link":"https:\/\/gazetaregionalna.com\/?p=27461","title":{"rendered":"Przetarg na ul. Po\u0142udniow\u0105 w Turowie prawie rozstrzygni\u0119ty"},"content":{"rendered":"\n<h2 class=\"wp-block-heading\">Og\u0142oszony przez Gmin\u0119 Olsztyn przetarg na ul. Po\u0142udniow\u0105 w\nTurowie zosta\u0142 prawie rozstrzygni\u0119ty. Zg\u0142osi\u0142o si\u0119 12 firm.<\/h2>\n\n\n\n<p>O budow\u0119 drogi gminnej ul. Po\u0142udniowej w Turowie ubiega si\u0119 dwana\u015bcie firm. Jak na razie najni\u017csz\u0105 ofert\u0119 w post\u0119powaniu przetargowym przedstawi\u0142a firma <strong>TRANZIT Sp. z o.o. z siedzib\u0105 w Moskorzewie<\/strong> (1\u00a0782\u00a0364,40 z\u0142). Gmina Olsztyn na realizacj\u0119 tego zadania przeznaczy\u0142a 3 mln z\u0142.<\/p>\n\n\n\n<p>W\nramach inwestycji prace obejm\u0105:<\/p>\n\n\n\n<ul class=\"wp-block-list\"><li>Remont podbudowy;<\/li><li>U\u0142o\u017cenie nowej nawierzchni z masy asfaltowej o zwi\u0119kszonych\nparametrach technicznych;<\/li><li>Budow\u0119 chodnika na ca\u0142ej d\u0142ugo\u015bci drogi (zostanie po\u0142\u0105czony z\nchodnikiem przy drodze powiatowej);<\/li><li>Wykonanie odwodnienia<\/li><\/ul>\n\n\n\n<p>Zadanie\nto jest realizowane dzi\u0119ki dofinansowaniu ze \u015brodk\u00f3w Funduszu Dr\u00f3g Samorz\u0105dowych\nWojew\u00f3dztwa \u015al\u0105skiego, a koniec prac jest przewidziany do sierpnia przysz\u0142ego\nroku.<\/p>\n\n\n\n<p>Budowa\nul. Po\u0142udniowej w Turowie to kolejny etap budowy ci\u0105gu komunikacyjnego. &nbsp;Dwa lata temu zosta\u0142o wyremontowane po\u0142\u0105czenie\nTurowa z Przymi\u0142owicami.<\/p>\n\n\n\n<p>&#8211; <em>\u201eW ramach kontynuacji budujemy drog\u0119 obs\u0142uguj\u0105c\u0105 g\u0119sto zabudowan\u0105 ulic\u0119 oraz kilka firm, u\u0142atwiony zostanie tak\u017ce dojazd do Domu Pomocy Spo\u0142ecznej i wylot z Turowa na drogi powiatowe w kierunku Olsztyna i Kusi\u0105t\u201d<\/em> \u2013 m\u00f3wi Tomasz Kucharski, w\u00f3jt Gminy Olsztyn.<\/p>\n\n\n\n<figure class=\"wp-block-image size-large\"><img decoding=\"async\" width=\"900\" height=\"677\" data-src=\"https:\/\/gazetaregionalna.com\/wp-content\/uploads\/2020\/11\/mapka-Tur\u00f3w.jpg\" alt=\"\" class=\"wp-image-27465 lazyload\" data-srcset=\"https:\/\/gazetaregionalna.com\/wp-content\/uploads\/2020\/11\/mapka-Tur\u00f3w.jpg 900w, https:\/\/gazetaregionalna.com\/wp-content\/uploads\/2020\/11\/mapka-Tur\u00f3w-300x226.jpg 300w, https:\/\/gazetaregionalna.com\/wp-content\/uploads\/2020\/11\/mapka-Tur\u00f3w-768x578.jpg 768w, https:\/\/gazetaregionalna.com\/wp-content\/uploads\/2020\/11\/mapka-Tur\u00f3w-80x60.jpg 80w, https:\/\/gazetaregionalna.com\/wp-content\/uploads\/2020\/11\/mapka-Tur\u00f3w-265x198.jpg 265w, https:\/\/gazetaregionalna.com\/wp-content\/uploads\/2020\/11\/mapka-Tur\u00f3w-696x524.jpg 696w, https:\/\/gazetaregionalna.com\/wp-content\/uploads\/2020\/11\/mapka-Tur\u00f3w-558x420.jpg 558w\" data-sizes=\"(max-width: 900px) 100vw, 900px\" src=\"data:image\/svg+xml;base64,PHN2ZyB3aWR0aD0iMSIgaGVpZ2h0PSIxIiB4bWxucz0iaHR0cDovL3d3dy53My5vcmcvMjAwMC9zdmciPjwvc3ZnPg==\" style=\"--smush-placeholder-width: 900px; --smush-placeholder-aspect-ratio: 900\/677;\" \/><figcaption>Fot: Gmina Olsztyn<\/figcaption><\/figure>\n","protected":false},"excerpt":{"rendered":"<p>Og\u0142oszony przez Gmin\u0119 Olsztyn przetarg na ul. Po\u0142udniow\u0105 w Turowie zosta\u0142 prawie rozstrzygni\u0119ty. Zg\u0142osi\u0142o si\u0119 12 firm. O budow\u0119 drogi gminnej ul. Po\u0142udniowej w<\/p>\n","protected":false},"author":12,"featured_media":27466,"comment_status":"open","ping_status":"open","sticky":false,"template":"","format":"standard","meta":{"_monsterinsights_skip_tracking":false,"_monsterinsights_sitenote_active":false,"_monsterinsights_sitenote_note":"","_monsterinsights_sitenote_category":0,"_uf_show_specific_survey":0,"_uf_disable_surveys":false,"footnotes":""},"categories":[33,20,94,4,2],"tags":[],"class_list":["post-27461","post","type-post","status-publish","format-standard","has-post-thumbnail","hentry","category-inwestycje","category-budownictwo","category-polecane","category-region","category-wiadomosci"],"_links":{"self":[{"href":"https:\/\/gazetaregionalna.com\/index.php?rest_route=\/wp\/v2\/posts\/27461","targetHints":{"allow":["GET"]}}],"collection":[{"href":"https:\/\/gazetaregionalna.com\/index.php?rest_route=\/wp\/v2\/posts"}],"about":[{"href":"https:\/\/gazetaregionalna.com\/index.php?rest_route=\/wp\/v2\/types\/post"}],"author":[{"embeddable":true,"href":"https:\/\/gazetaregionalna.com\/index.php?rest_route=\/wp\/v2\/users\/12"}],"replies":[{"embeddable":true,"href":"https:\/\/gazetaregionalna.com\/index.php?rest_route=%2Fwp%2Fv2%2Fcomments&post=27461"}],"version-history":[{"count":3,"href":"https:\/\/gazetaregionalna.com\/index.php?rest_route=\/wp\/v2\/posts\/27461\/revisions"}],"predecessor-version":[{"id":27470,"href":"https:\/\/gazetaregionalna.com\/index.php?rest_route=\/wp\/v2\/posts\/27461\/revisions\/27470"}],"wp:featuredmedia":[{"embeddable":true,"href":"https:\/\/gazetaregionalna.com\/index.php?rest_route=\/wp\/v2\/media\/27466"}],"wp:attachment":[{"href":"https:\/\/gazetaregionalna.com\/index.php?rest_route=%2Fwp%2Fv2%2Fmedia&parent=27461"}],"wp:term":[{"taxonomy":"category","embeddable":true,"href":"https:\/\/gazetaregionalna.com\/index.php?rest_route=%2Fwp%2Fv2%2Fcategories&post=27461"},{"taxonomy":"post_tag","embeddable":true,"href":"https:\/\/gazetaregionalna.com\/index.php?rest_route=%2Fwp%2Fv2%2Ftags&post=27461"}],"curies":[{"name":"wp","href":"https:\/\/api.w.org\/{rel}","templated":true}]}}