{"id":27435,"date":"2020-11-27T08:28:11","date_gmt":"2020-11-27T08:28:11","guid":{"rendered":"https:\/\/gazetaregionalna.com\/?p=27435"},"modified":"2020-11-27T08:28:14","modified_gmt":"2020-11-27T08:28:14","slug":"razem-ze-stowarzyszeniem-czestochowa-dla-zwierzat-szukamy-domow-dla-bezdomnych-czworonogow","status":"publish","type":"post","link":"https:\/\/gazetaregionalna.com\/?p=27435","title":{"rendered":"Razem ze Stowarzyszeniem Cz\u0119stochowa dla Zwierz\u0105t szukamy dom\u00f3w dla bezdomnych czworonog\u00f3w"},"content":{"rendered":"\n<h2 class=\"wp-block-heading\">Razem ze Stowarzyszeniem Cz\u0119stochowa dla Zwierz\u0105t szukamy dom\u00f3w dla bezdomnych czworonog\u00f3w.<\/h2>\n\n\n\n<p><br> Dzisiaj prezentujemy kolejnych podopiecznych Schroniska dla Zwierz\u0105t w Cz\u0119stochowie i Stowarzyszenia Cz\u0119stochowa dla Zwierz\u0105t. Spr\u00f3bujmy odmieni\u0107 ich los i znale\u017a\u0107 dla nich kochaj\u0105cy dom.<\/p>\n\n\n\n<p><strong>Folfik<\/strong><\/p>\n\n\n\n<figure class=\"wp-block-image size-large\"><img decoding=\"async\" width=\"768\" height=\"1024\" data-src=\"https:\/\/gazetaregionalna.com\/wp-content\/uploads\/2020\/11\/Folfik3-768x1024.jpg\" alt=\"\" class=\"wp-image-27440 lazyload\" data-srcset=\"https:\/\/gazetaregionalna.com\/wp-content\/uploads\/2020\/11\/Folfik3-768x1024.jpg 768w, https:\/\/gazetaregionalna.com\/wp-content\/uploads\/2020\/11\/Folfik3-225x300.jpg 225w, https:\/\/gazetaregionalna.com\/wp-content\/uploads\/2020\/11\/Folfik3-1152x1536.jpg 1152w, https:\/\/gazetaregionalna.com\/wp-content\/uploads\/2020\/11\/Folfik3-696x928.jpg 696w, https:\/\/gazetaregionalna.com\/wp-content\/uploads\/2020\/11\/Folfik3-1068x1424.jpg 1068w, https:\/\/gazetaregionalna.com\/wp-content\/uploads\/2020\/11\/Folfik3-315x420.jpg 315w, https:\/\/gazetaregionalna.com\/wp-content\/uploads\/2020\/11\/Folfik3.jpg 1170w\" data-sizes=\"(max-width: 768px) 100vw, 768px\" src=\"data:image\/svg+xml;base64,PHN2ZyB3aWR0aD0iMSIgaGVpZ2h0PSIxIiB4bWxucz0iaHR0cDovL3d3dy53My5vcmcvMjAwMC9zdmciPjwvc3ZnPg==\" style=\"--smush-placeholder-width: 768px; --smush-placeholder-aspect-ratio: 768\/1024;\" \/><\/figure>\n\n\n\n<p>Dom poszukiwany!!! Pokochaj kocurka, odmie\u0144 jego smutny los! Czego brakuje Folfikowi? C\u00f3\u017c, poza z\u0105bkami, tylko w\u0142asnego DOMU! Kocurek jest kochanym przytula\u015bnym kotem. Uwielbia bawi\u0107 si\u0119 w\u0119dk\u0105 i na drapaku. Niestety od prawie dw\u00f3ch lat jest bezdomny i nikt go nie chce. Przeszed\u0142 wiele chor\u00f3b, musia\u0142 mie\u0107 usuni\u0119te z\u0105bki oraz operacj\u0119 pyszczka. Wymaga odpowiedzialnego domu, kt\u00f3ry zadba o jego zdrowie, Folfik jest alergikiem. Obecnie kotek jest zdrowy i czeka na swojego cz\u0142owieka i domek. W zamian, odwdzi\u0119czy si\u0119 ogromem mi\u0142o\u015bci.<\/p>\n\n\n\n<figure class=\"wp-block-image size-large\"><img decoding=\"async\" width=\"1024\" height=\"768\" data-src=\"https:\/\/gazetaregionalna.com\/wp-content\/uploads\/2020\/11\/Folfik2-1024x768.jpg\" alt=\"\" class=\"wp-image-27443 lazyload\" data-srcset=\"https:\/\/gazetaregionalna.com\/wp-content\/uploads\/2020\/11\/Folfik2-1024x768.jpg 1024w, https:\/\/gazetaregionalna.com\/wp-content\/uploads\/2020\/11\/Folfik2-300x225.jpg 300w, https:\/\/gazetaregionalna.com\/wp-content\/uploads\/2020\/11\/Folfik2-768x576.jpg 768w, https:\/\/gazetaregionalna.com\/wp-content\/uploads\/2020\/11\/Folfik2-1536x1152.jpg 1536w, https:\/\/gazetaregionalna.com\/wp-content\/uploads\/2020\/11\/Folfik2-80x60.jpg 80w, https:\/\/gazetaregionalna.com\/wp-content\/uploads\/2020\/11\/Folfik2-265x198.jpg 265w, https:\/\/gazetaregionalna.com\/wp-content\/uploads\/2020\/11\/Folfik2-696x522.jpg 696w, https:\/\/gazetaregionalna.com\/wp-content\/uploads\/2020\/11\/Folfik2-1068x801.jpg 1068w, https:\/\/gazetaregionalna.com\/wp-content\/uploads\/2020\/11\/Folfik2-560x420.jpg 560w, https:\/\/gazetaregionalna.com\/wp-content\/uploads\/2020\/11\/Folfik2.jpg 1560w\" data-sizes=\"(max-width: 1024px) 100vw, 1024px\" src=\"data:image\/svg+xml;base64,PHN2ZyB3aWR0aD0iMSIgaGVpZ2h0PSIxIiB4bWxucz0iaHR0cDovL3d3dy53My5vcmcvMjAwMC9zdmciPjwvc3ZnPg==\" style=\"--smush-placeholder-width: 1024px; --smush-placeholder-aspect-ratio: 1024\/768;\" \/><\/figure>\n\n\n\n<p>Adopcja: \u015al\u0105sk, wiek: ok. 2 lat FIV\/FeLV: ujemne, kastracja: tak, dom: niewychodz\u0105cy, inne koty: mog\u0105 by\u0107. Obowi\u0105zuje umowa adopcyjna<\/p>\n\n\n\n<p><strong>Kontakt w sprawie adopcji:<\/strong><\/p>\n\n\n\n<p><strong>Stowarzyszenie Cz\u0119stochowa DLA ZWIERZ\u0104T, czestochowadlazwierzat@gmail.com tel.: 507 158 727<\/strong><\/p>\n\n\n\n<p><strong>Gara (ur. grudzie\u0144 2012),  boks: A 35, numer karty: 581\/15<\/strong><\/p>\n\n\n\n<figure class=\"wp-block-image size-large\"><img decoding=\"async\" width=\"1024\" height=\"768\" data-src=\"https:\/\/gazetaregionalna.com\/wp-content\/uploads\/2020\/11\/Gara1-1024x768.jpg\" alt=\"\" class=\"wp-image-27441 lazyload\" data-srcset=\"https:\/\/gazetaregionalna.com\/wp-content\/uploads\/2020\/11\/Gara1-1024x768.jpg 1024w, https:\/\/gazetaregionalna.com\/wp-content\/uploads\/2020\/11\/Gara1-300x225.jpg 300w, https:\/\/gazetaregionalna.com\/wp-content\/uploads\/2020\/11\/Gara1-768x576.jpg 768w, https:\/\/gazetaregionalna.com\/wp-content\/uploads\/2020\/11\/Gara1-1536x1152.jpg 1536w, https:\/\/gazetaregionalna.com\/wp-content\/uploads\/2020\/11\/Gara1-80x60.jpg 80w, https:\/\/gazetaregionalna.com\/wp-content\/uploads\/2020\/11\/Gara1-265x198.jpg 265w, https:\/\/gazetaregionalna.com\/wp-content\/uploads\/2020\/11\/Gara1-696x522.jpg 696w, https:\/\/gazetaregionalna.com\/wp-content\/uploads\/2020\/11\/Gara1-1068x801.jpg 1068w, https:\/\/gazetaregionalna.com\/wp-content\/uploads\/2020\/11\/Gara1-560x420.jpg 560w, https:\/\/gazetaregionalna.com\/wp-content\/uploads\/2020\/11\/Gara1.jpg 1200w\" data-sizes=\"(max-width: 1024px) 100vw, 1024px\" src=\"data:image\/svg+xml;base64,PHN2ZyB3aWR0aD0iMSIgaGVpZ2h0PSIxIiB4bWxucz0iaHR0cDovL3d3dy53My5vcmcvMjAwMC9zdmciPjwvc3ZnPg==\" style=\"--smush-placeholder-width: 1024px; --smush-placeholder-aspect-ratio: 1024\/768;\" \/><\/figure>\n\n\n\n<p><strong>OD SZCZENIAKA W SCHRONISKU!<\/strong><\/p>\n\n\n\n<p>Do Schroniska na Gilow\u0105 trafi\u0142a 27.02.2013 r. w wieku ok. 3 miesi\u0119cy nas jako dziki szczeniak, wychowany w lesie. D\u0142ugo trwa\u0142a droga ku temu, by Gara przekona\u0142a si\u0119, \u017ce cz\u0142owiek nie zrobi jej krzywdy.  Gara to bardzo energiczna i weso\u0142a suczka. Bardzo lubi spacery podczas, kt\u00f3rych pr\u00f3buje na wszelkie sposoby si\u0119 wyszale\u0107! Ludzi traktuje jako kompan\u00f3w do zabaw i pieszczot, zaczepia przy ka\u017cdej nadarzaj\u0105cej si\u0119 okazji. Podaruj jej prawdziwy dom, a na pewno wniesie do niego wiele rado\u015bci. Najlepiej, gdyby trafi\u0142a do domu, w kt\u00f3rym s\u0105 inne zwierz\u0119ta ( np. pies ), poniewa\u017c Gara uwielbia towarzystwo swoich psich przyjaci\u00f3\u0142. Czeka ju\u017c prawie 8 lat!!! Przed adopcj\u0105 wskazane s\u0105 spacery zapoznawcze w celu nawi\u0105zania pozytywnej relacji z suczk\u0105 oraz nawi\u0105zanie wsp\u00f3\u0142pracy z behawioryst\u0105 po adopcji. Konieczna b\u0119dzie r\u00f3wnie\u017c wizyta przedadopcyjna.<\/p>\n\n\n\n<figure class=\"wp-block-image size-large\"><img decoding=\"async\" width=\"800\" height=\"533\" data-src=\"https:\/\/gazetaregionalna.com\/wp-content\/uploads\/2020\/11\/Gara2.jpg\" alt=\"\" class=\"wp-image-27442 lazyload\" data-srcset=\"https:\/\/gazetaregionalna.com\/wp-content\/uploads\/2020\/11\/Gara2.jpg 800w, https:\/\/gazetaregionalna.com\/wp-content\/uploads\/2020\/11\/Gara2-300x200.jpg 300w, https:\/\/gazetaregionalna.com\/wp-content\/uploads\/2020\/11\/Gara2-768x512.jpg 768w, https:\/\/gazetaregionalna.com\/wp-content\/uploads\/2020\/11\/Gara2-696x464.jpg 696w, https:\/\/gazetaregionalna.com\/wp-content\/uploads\/2020\/11\/Gara2-630x420.jpg 630w\" data-sizes=\"(max-width: 800px) 100vw, 800px\" src=\"data:image\/svg+xml;base64,PHN2ZyB3aWR0aD0iMSIgaGVpZ2h0PSIxIiB4bWxucz0iaHR0cDovL3d3dy53My5vcmcvMjAwMC9zdmciPjwvc3ZnPg==\" style=\"--smush-placeholder-width: 800px; --smush-placeholder-aspect-ratio: 800\/533;\" \/><\/figure>\n\n\n\n<p><strong>Kontakt w sprawie adopcji: Schronisko dla Bezdomnych Zwierz\u0105t w Cz\u0119stochowie ul. Gilowa 44\/46 tel. 34 361-65-66<\/strong><\/p>\n\n\n\n<p><strong>Garo (ur. grudzie\u0144 2012),  Boks: A 33, nr karty 639\/16<\/strong><\/p>\n\n\n\n<figure class=\"wp-block-image size-large\"><img decoding=\"async\" width=\"1024\" height=\"768\" data-src=\"https:\/\/gazetaregionalna.com\/wp-content\/uploads\/2020\/11\/Garo1-1024x768.jpg\" alt=\"\" class=\"wp-image-27445 lazyload\" data-srcset=\"https:\/\/gazetaregionalna.com\/wp-content\/uploads\/2020\/11\/Garo1-1024x768.jpg 1024w, https:\/\/gazetaregionalna.com\/wp-content\/uploads\/2020\/11\/Garo1-300x225.jpg 300w, https:\/\/gazetaregionalna.com\/wp-content\/uploads\/2020\/11\/Garo1-768x576.jpg 768w, https:\/\/gazetaregionalna.com\/wp-content\/uploads\/2020\/11\/Garo1-1536x1152.jpg 1536w, https:\/\/gazetaregionalna.com\/wp-content\/uploads\/2020\/11\/Garo1-80x60.jpg 80w, https:\/\/gazetaregionalna.com\/wp-content\/uploads\/2020\/11\/Garo1-265x198.jpg 265w, https:\/\/gazetaregionalna.com\/wp-content\/uploads\/2020\/11\/Garo1-696x522.jpg 696w, https:\/\/gazetaregionalna.com\/wp-content\/uploads\/2020\/11\/Garo1-1068x801.jpg 1068w, https:\/\/gazetaregionalna.com\/wp-content\/uploads\/2020\/11\/Garo1-560x420.jpg 560w, https:\/\/gazetaregionalna.com\/wp-content\/uploads\/2020\/11\/Garo1.jpg 1200w\" data-sizes=\"(max-width: 1024px) 100vw, 1024px\" src=\"data:image\/svg+xml;base64,PHN2ZyB3aWR0aD0iMSIgaGVpZ2h0PSIxIiB4bWxucz0iaHR0cDovL3d3dy53My5vcmcvMjAwMC9zdmciPjwvc3ZnPg==\" style=\"--smush-placeholder-width: 1024px; --smush-placeholder-aspect-ratio: 1024\/768;\" \/><\/figure>\n\n\n\n<p><strong>OD SZCZENIAKA W SCHRONISKU!<\/strong><\/p>\n\n\n\n<p>Garo trafi\u0142 do schroniska z siostr\u0105 w lutym 2013 roku. W schronisku nie odnajduje si\u0119. Jest boja\u017aliwy i zdezorientowany sytuacj\u0105, w kt\u00f3rej si\u0119 znajduje. Dzi\u0119ki pracy wolontariuszy drobnymi krokami uczy si\u0119 chodzenia na smyczy i blisko\u015bci cz\u0142owieka. Na spacerze chowa si\u0119 mi\u0119dzy nogami lub k\u0142adzie w trawie tak, jakby chcia\u0142 sta\u0107 si\u0119 niewidzialny. Do innych ps\u00f3w jest raczej uleg\u0142y.<\/p>\n\n\n\n<figure class=\"wp-block-image size-large\"><img decoding=\"async\" width=\"1024\" height=\"768\" data-src=\"https:\/\/gazetaregionalna.com\/wp-content\/uploads\/2020\/11\/Garo2-1024x768.jpg\" alt=\"\" class=\"wp-image-27446 lazyload\" data-srcset=\"https:\/\/gazetaregionalna.com\/wp-content\/uploads\/2020\/11\/Garo2-1024x768.jpg 1024w, https:\/\/gazetaregionalna.com\/wp-content\/uploads\/2020\/11\/Garo2-300x225.jpg 300w, https:\/\/gazetaregionalna.com\/wp-content\/uploads\/2020\/11\/Garo2-768x576.jpg 768w, https:\/\/gazetaregionalna.com\/wp-content\/uploads\/2020\/11\/Garo2-1536x1152.jpg 1536w, https:\/\/gazetaregionalna.com\/wp-content\/uploads\/2020\/11\/Garo2-80x60.jpg 80w, https:\/\/gazetaregionalna.com\/wp-content\/uploads\/2020\/11\/Garo2-265x198.jpg 265w, https:\/\/gazetaregionalna.com\/wp-content\/uploads\/2020\/11\/Garo2-696x522.jpg 696w, https:\/\/gazetaregionalna.com\/wp-content\/uploads\/2020\/11\/Garo2-1068x801.jpg 1068w, https:\/\/gazetaregionalna.com\/wp-content\/uploads\/2020\/11\/Garo2-560x420.jpg 560w, https:\/\/gazetaregionalna.com\/wp-content\/uploads\/2020\/11\/Garo2.jpg 1200w\" data-sizes=\"(max-width: 1024px) 100vw, 1024px\" src=\"data:image\/svg+xml;base64,PHN2ZyB3aWR0aD0iMSIgaGVpZ2h0PSIxIiB4bWxucz0iaHR0cDovL3d3dy53My5vcmcvMjAwMC9zdmciPjwvc3ZnPg==\" style=\"--smush-placeholder-width: 1024px; --smush-placeholder-aspect-ratio: 1024\/768;\" \/><\/figure>\n\n\n\n<p>Szukamy dla niego bardzo spokojnego i odpowiedzialnego domu. Przed adopcj\u0105 wskazane s\u0105 spacery zapoznawcze w celu nawi\u0105zania pozytywnej relacji z pieskiem oraz nawi\u0105zanie wsp\u00f3\u0142pracy z behawioryst\u0105 po adopcji. Konieczna b\u0119dzie r\u00f3wnie\u017c wizyta przedadopcyjna. Mo\u017ce jego adopcja graniczy z cudem, ale w\u0142a\u015bnie na taki cud liczymy\u2026<\/p>\n\n\n\n<p><strong>Kontakt w sprawie adopcji: Schronisko dla Bezdomnych Zwierz\u0105t w Cz\u0119stochowie ul. Gilowa 44\/46 tel. 34 361-65-66<\/strong><\/p>\n\n\n\n<p><br><strong> Wanilia &#8211; boks DK LS 4, ur. 2018, nr karty 139\/20,<\/strong><\/p>\n\n\n\n<figure class=\"wp-block-image size-large\"><img decoding=\"async\" width=\"768\" height=\"1024\" data-src=\"https:\/\/gazetaregionalna.com\/wp-content\/uploads\/2020\/11\/Wanilia1-768x1024.jpg\" alt=\"\" class=\"wp-image-27447 lazyload\" data-srcset=\"https:\/\/gazetaregionalna.com\/wp-content\/uploads\/2020\/11\/Wanilia1-768x1024.jpg 768w, https:\/\/gazetaregionalna.com\/wp-content\/uploads\/2020\/11\/Wanilia1-225x300.jpg 225w, https:\/\/gazetaregionalna.com\/wp-content\/uploads\/2020\/11\/Wanilia1-1152x1536.jpg 1152w, https:\/\/gazetaregionalna.com\/wp-content\/uploads\/2020\/11\/Wanilia1-696x928.jpg 696w, https:\/\/gazetaregionalna.com\/wp-content\/uploads\/2020\/11\/Wanilia1-1068x1424.jpg 1068w, https:\/\/gazetaregionalna.com\/wp-content\/uploads\/2020\/11\/Wanilia1-315x420.jpg 315w, https:\/\/gazetaregionalna.com\/wp-content\/uploads\/2020\/11\/Wanilia1.jpg 1200w\" data-sizes=\"(max-width: 768px) 100vw, 768px\" src=\"data:image\/svg+xml;base64,PHN2ZyB3aWR0aD0iMSIgaGVpZ2h0PSIxIiB4bWxucz0iaHR0cDovL3d3dy53My5vcmcvMjAwMC9zdmciPjwvc3ZnPg==\" style=\"--smush-placeholder-width: 768px; --smush-placeholder-aspect-ratio: 768\/1024;\" \/><\/figure>\n\n\n\n<p>To drobna, pi\u0119kna kotka. Na razie jeszcze wystraszona i nieufna wobec ludzi. Potrzebuje spokojnego, odpowiedzialnego domu, w kt\u00f3rym b\u0119dzie mog\u0142a poczu\u0107 si\u0119 w pe\u0142ni bezpiecznie. Jest wysterylizowana. Niczym bia\u0142y ob\u0142oczek, bardzo delikatna i nie\u015bmia\u0142a, jednak gdy podaruje jej si\u0119 troch\u0119 uwagi i cierpliwo\u015bci, pozwala si\u0119 wyg\u0142aska\u0107 i wtedy pokazuje, \u017ce pieszczoty bardzo lubi.<\/p>\n\n\n\n<figure class=\"wp-block-image size-large\"><img decoding=\"async\" width=\"352\" height=\"480\" data-src=\"https:\/\/gazetaregionalna.com\/wp-content\/uploads\/2020\/11\/Wanilia2.jpg\" alt=\"\" class=\"wp-image-27448 lazyload\" data-srcset=\"https:\/\/gazetaregionalna.com\/wp-content\/uploads\/2020\/11\/Wanilia2.jpg 352w, https:\/\/gazetaregionalna.com\/wp-content\/uploads\/2020\/11\/Wanilia2-220x300.jpg 220w, https:\/\/gazetaregionalna.com\/wp-content\/uploads\/2020\/11\/Wanilia2-308x420.jpg 308w\" data-sizes=\"(max-width: 352px) 100vw, 352px\" src=\"data:image\/svg+xml;base64,PHN2ZyB3aWR0aD0iMSIgaGVpZ2h0PSIxIiB4bWxucz0iaHR0cDovL3d3dy53My5vcmcvMjAwMC9zdmciPjwvc3ZnPg==\" style=\"--smush-placeholder-width: 352px; --smush-placeholder-aspect-ratio: 352\/480;\" \/><\/figure>\n\n\n\n<p><br> Je\u015bli lubisz wanili\u0119, b\u0119dzie idealnym towarzystwem do porannej kawy. Czeka na swojego cz\u0142owieka od 30.06.2020 r.<\/p>\n\n\n\n<p><strong>Kontakt w sprawie adopcji: Schronisko dla Bezdomnych Zwierz\u0105t w Cz\u0119stochowie ul. Gilowa 44\/46 tel. 34 361-65-66<\/strong><\/p>\n","protected":false},"excerpt":{"rendered":"<p>Razem ze Stowarzyszeniem Cz\u0119stochowa dla Zwierz\u0105t szukamy dom\u00f3w dla bezdomnych czworonog\u00f3w. Dzisiaj prezentujemy kolejnych podopiecznych Schroniska dla Zwierz\u0105t w Cz\u0119stochowie i Stowarzyszenia Cz\u0119stochowa dla<\/p>\n","protected":false},"author":7,"featured_media":27450,"comment_status":"open","ping_status":"open","sticky":false,"template":"","format":"standard","meta":{"_monsterinsights_skip_tracking":false,"_monsterinsights_sitenote_active":false,"_monsterinsights_sitenote_note":"","_monsterinsights_sitenote_category":0,"_uf_show_specific_survey":0,"_uf_disable_surveys":false,"footnotes":""},"categories":[94,3,2],"tags":[],"class_list":["post-27435","post","type-post","status-publish","format-standard","has-post-thumbnail","hentry","category-polecane","category-czestochowa-informacje","category-wiadomosci"],"_links":{"self":[{"href":"https:\/\/gazetaregionalna.com\/index.php?rest_route=\/wp\/v2\/posts\/27435","targetHints":{"allow":["GET"]}}],"collection":[{"href":"https:\/\/gazetaregionalna.com\/index.php?rest_route=\/wp\/v2\/posts"}],"about":[{"href":"https:\/\/gazetaregionalna.com\/index.php?rest_route=\/wp\/v2\/types\/post"}],"author":[{"embeddable":true,"href":"https:\/\/gazetaregionalna.com\/index.php?rest_route=\/wp\/v2\/users\/7"}],"replies":[{"embeddable":true,"href":"https:\/\/gazetaregionalna.com\/index.php?rest_route=%2Fwp%2Fv2%2Fcomments&post=27435"}],"version-history":[{"count":5,"href":"https:\/\/gazetaregionalna.com\/index.php?rest_route=\/wp\/v2\/posts\/27435\/revisions"}],"predecessor-version":[{"id":27449,"href":"https:\/\/gazetaregionalna.com\/index.php?rest_route=\/wp\/v2\/posts\/27435\/revisions\/27449"}],"wp:featuredmedia":[{"embeddable":true,"href":"https:\/\/gazetaregionalna.com\/index.php?rest_route=\/wp\/v2\/media\/27450"}],"wp:attachment":[{"href":"https:\/\/gazetaregionalna.com\/index.php?rest_route=%2Fwp%2Fv2%2Fmedia&parent=27435"}],"wp:term":[{"taxonomy":"category","embeddable":true,"href":"https:\/\/gazetaregionalna.com\/index.php?rest_route=%2Fwp%2Fv2%2Fcategories&post=27435"},{"taxonomy":"post_tag","embeddable":true,"href":"https:\/\/gazetaregionalna.com\/index.php?rest_route=%2Fwp%2Fv2%2Ftags&post=27435"}],"curies":[{"name":"wp","href":"https:\/\/api.w.org\/{rel}","templated":true}]}}