{"id":2722,"date":"2019-04-25T11:08:54","date_gmt":"2019-04-25T11:08:54","guid":{"rendered":"https:\/\/gazetaregionalna.com\/?p=2722"},"modified":"2019-04-25T11:08:57","modified_gmt":"2019-04-25T11:08:57","slug":"mamy-to","status":"publish","type":"post","link":"https:\/\/gazetaregionalna.com\/?p=2722","title":{"rendered":"Mamy to!"},"content":{"rendered":"\n<h2 class=\"wp-block-heading\">Po 21 latach Rak\u00f3w awansowa\u0142 do Lotto Ekstraklasy  <\/h2>\n\n\n\n<p>\u015arodowy mecz zapewni\u0142 dru\u017cynie Rakowa upragniony awans do Lotto Ekstraklasy. W meczu 30. kolejki Fortuna 1 ligi Rak\u00f3w Cz\u0119stochowa pokona\u0142 Podbeskidzie Bielsko-Bia\u0142a 2:0.  <\/p>\n\n\n\n<p>Ostatni mecz by\u0142 drug\u0105 okazj\u0105 dla naszej dru\u017cyny by m\u00f3c \u015bwi\u0119towa\u0107 awans do Ekstraligi. Pierwsza mo\u017cliwo\u015b\u0107 by\u0142a przy ostatnim meczu wyjazdowym w Bytowie. Wtedy zremisowali z Bytovi\u0105 2:2, ale jak wielu kibic\u00f3w przypuszcza\u0142o, Rak\u00f3w chcia\u0142 zwyci\u0119stwo \u015bwi\u0119towa\u0107 \u201eu siebie\u201d i tak tez si\u0119 sta\u0142o. Kibice Rakowa wype\u0142nili trybuny po brzegi. Ka\u017cdy z przyjemno\u015bci\u0105 ogl\u0105da\u0142 mecz, kt\u00f3ry okaza\u0142 si\u0119 d\u0142ugo wyczekiwanym awansem, na kt\u00f3ry dru\u017cyna z Cz\u0119stochowy czeka\u0142a 21 lat.  <\/p>\n\n\n\n<figure class=\"wp-block-image\"><img decoding=\"async\" width=\"1024\" height=\"683\" data-src=\"https:\/\/gazetaregionalna.com\/wp-content\/uploads\/2019\/04\/rakow-1-1-1024x683.jpg\" alt=\"\" class=\"wp-image-2723 lazyload\" data-srcset=\"https:\/\/gazetaregionalna.com\/wp-content\/uploads\/2019\/04\/rakow-1-1-1024x683.jpg 1024w, https:\/\/gazetaregionalna.com\/wp-content\/uploads\/2019\/04\/rakow-1-1-300x200.jpg 300w, https:\/\/gazetaregionalna.com\/wp-content\/uploads\/2019\/04\/rakow-1-1-768x512.jpg 768w, https:\/\/gazetaregionalna.com\/wp-content\/uploads\/2019\/04\/rakow-1-1.jpg 1600w\" data-sizes=\"(max-width: 1024px) 100vw, 1024px\" src=\"data:image\/svg+xml;base64,PHN2ZyB3aWR0aD0iMSIgaGVpZ2h0PSIxIiB4bWxucz0iaHR0cDovL3d3dy53My5vcmcvMjAwMC9zdmciPjwvc3ZnPg==\" style=\"--smush-placeholder-width: 1024px; --smush-placeholder-aspect-ratio: 1024\/683;\" \/><figcaption>Rak\u00f3w \u015bwi\u0119tuje zwyci\u0119stwo<\/figcaption><\/figure>\n\n\n\n<p><strong>Od\npocz\u0105tku po zwyci\u0119stwo<\/strong><\/p>\n\n\n\n<p>Pierwsze minuty meczu by\u0142y pe\u0142ne emocji. Dwukrotne strza\u0142y na bramk\u0119 przeciwnika odda\u0142 Marcin Listkowski. Przeciwnicy odpowiedzieli atakiem, ale pi\u0142ka trafia\u0142a w poprzeczk\u0119. Podbeskidzie mia\u0142o szans\u0119 obj\u0105\u0107 prowadzenie w meczu, jednak zawodnicy Rakowa byli czujni. W 29. minucie w obr\u0119bie pola karnego znalaz\u0142 si\u0119 Mi\u0142osz Szczepa\u0144ski i odda\u0142 mocny strza\u0142, kt\u00f3ry wyl\u0105dowa\u0142 prosto w r\u0119kach bramkarza dru\u017cyny go\u015bci. W samej ko\u0144c\u00f3wce pierwszej po\u0142owy dwukrotnie strza\u0142ami z dystansu bramkarza Rakowa pr\u00f3bowa\u0107 pokona\u0142 Roberto Gonzalez, ale pi\u0142ka w obu przypadkach nie trafi\u0142a w \u015bwiat\u0142o bramki. Pierwsza po\u0142owa zako\u0144czy\u0142a si\u0119 bezbramkowym wynikiem.  <\/p>\n\n\n\n<figure class=\"wp-block-image\"><img decoding=\"async\" width=\"1024\" height=\"679\" data-src=\"https:\/\/gazetaregionalna.com\/wp-content\/uploads\/2019\/04\/rakow-3-1-1024x679.jpg\" alt=\"\" class=\"wp-image-2724 lazyload\" data-srcset=\"https:\/\/gazetaregionalna.com\/wp-content\/uploads\/2019\/04\/rakow-3-1-1024x679.jpg 1024w, https:\/\/gazetaregionalna.com\/wp-content\/uploads\/2019\/04\/rakow-3-1-300x199.jpg 300w, https:\/\/gazetaregionalna.com\/wp-content\/uploads\/2019\/04\/rakow-3-1-768x509.jpg 768w, https:\/\/gazetaregionalna.com\/wp-content\/uploads\/2019\/04\/rakow-3-1.jpg 1600w\" data-sizes=\"(max-width: 1024px) 100vw, 1024px\" src=\"data:image\/svg+xml;base64,PHN2ZyB3aWR0aD0iMSIgaGVpZ2h0PSIxIiB4bWxucz0iaHR0cDovL3d3dy53My5vcmcvMjAwMC9zdmciPjwvc3ZnPg==\" style=\"--smush-placeholder-width: 1024px; --smush-placeholder-aspect-ratio: 1024\/679;\" \/><\/figure>\n\n\n\n<p>Druga\npo\u0142owa wygl\u0105da\u0142a jeszcze lepiej ni\u017c pierwsza. W 49. minucie\nSzymon Lewicki strza\u0142em g\u0142ow\u0105 pos\u0142a\u0142 pi\u0142k\u0119 do bramki. Asyst\u0119\nprzy tym uderzeniu zaliczy\u0142 Piotr Malinowski. Dwie minuty p\u00f3\u017aniej\nby\u0142o ju\u017c 2:0. Do pi\u0142ki odbitej przez Leszczy\u0144skiego najszybciej\ndopad\u0142 Marcin Listkowski i podwy\u017cszy\u0142 prowadzenie naszego zespo\u0142u.\nPodopieczni trenera Marka Papszuna do samego ko\u0144ca starali si\u0119\nstrzeli\u0107 trzeci\u0105 bramk\u0119. Kreowali sobie kolejne sytuacje, co rusz\nn\u0119kaj\u0105c bramk\u0119 Leszczy\u0144skiego. Komplet kibic\u00f3w na stadionie przy\nul. Limanowskiego 83 odlicza\u0142 tylko up\u0142ywaj\u0105ce do ko\u0144ca spotkania\nminuty, by rozpocz\u0105\u0107 \u015bwi\u0119towanie. Pi\u0142karze na boisku dali z\nsiebie wszystko, by taki stan rzeczy si\u0119 utrzyma\u0142 do ostatniego\ngwizdka. R\u00f3wno z nim na stadionie wybuch\u0142a wielka rado\u015b\u0107.\nPodopieczni trenera Marka Papszuna wygrali 2:0 i postawili milowy\nkrok, kt\u00f3ry zapewni\u0142 im awans LOTTO Ekstraklasy.<\/p>\n\n\n\n<p>Ukoronowaniem\nci\u0119\u017ckiej pracy Rakowa jest awans, ale nie zapominajmy, \u017ce Rak\u00f3w\npokaza\u0142 si\u0119 z najlepszej strony w rozgrywkach Pucharu Polski. Co\nprawda nie weszli do \u015bcis\u0142ego fina\u0142u, jednak mecz z Lechi\u0105 Gda\u0144sk\nby\u0142 dobrym widowiskiem.  \n<\/p>\n\n\n\n<p>Po\n21 latach Rak\u00f3w Cz\u0119stochowa wraca na najwy\u017cszy szczebel rozgrywek\nw Polsce. Jest to efekt ci\u0119zkiej pracy nie tylko zawodnik\u00f3w, ale\ntak\u017ce trenera Marka Papszuna oraz os\u00f3b pracuj\u0105cych w klubie. \n<\/p>\n\n\n\n<p><strong>Sk\u0142ady:<\/strong><\/p>\n\n\n\n<p><strong>Rak\u00f3w\nCz\u0119stochowa: <\/strong>Micha\u0142\nGliwa &#8211; Arkadiusz Kasperkiewicz, Tomas Petrasek, Karol Noiszewszki &#8211;\nPatryk Kun, Igor Sapa\u0142a, Petr Schwarz, Piotr Malinowski &#8211; Marcin\nListkowski (81&#8242; Daniel Bartl), Mi\u0142osz Szczepa\u0144ski (88&#8242; Franciszek\nWr\u00f3blewski) &#8211; Szymon Lewicki (68&#8242; Sebastian Musiolik).<\/p>\n\n\n\n<p><strong>Podbeskidzie Bielsko-Bia\u0142a: <\/strong>Rafa\u0142 Leszczy\u0144ski &#8211; Bartosz Jaroch, Kamil Wiktorski, Dominik Jo\u0144czy, Kacper Gach &#8211; Adrian Gomez, Adrian Rakowski, Roberto Gandara (77&#8242; Jakub Biero\u0144ski) &#8211; Kacper Kostorz, Mario Rogini\u0107 (81&#8242; Damian Hilbrycht) &#8211; Valerijs Sabala (72&#8242; Przemys\u0142aw Mystkowski).<\/p>\n\n\n\n<p>(red.)<\/p>\n","protected":false},"excerpt":{"rendered":"<p>Po 21 latach Rak\u00f3w awansowa\u0142 do Lotto Ekstraklasy \u015arodowy mecz zapewni\u0142 dru\u017cynie Rakowa upragniony awans do Lotto Ekstraklasy. W meczu 30. kolejki Fortuna 1<\/p>\n","protected":false},"author":3,"featured_media":2725,"comment_status":"open","ping_status":"open","sticky":false,"template":"","format":"standard","meta":{"_monsterinsights_skip_tracking":false,"_monsterinsights_sitenote_active":false,"_monsterinsights_sitenote_note":"","_monsterinsights_sitenote_category":0,"_uf_show_specific_survey":0,"_uf_disable_surveys":false,"footnotes":""},"categories":[3,6,5,2,13],"tags":[],"class_list":["post-2722","post","type-post","status-publish","format-standard","has-post-thumbnail","hentry","category-czestochowa-informacje","category-pilka-nozna","category-sport","category-wiadomosci","category-wydarzenia"],"_links":{"self":[{"href":"https:\/\/gazetaregionalna.com\/index.php?rest_route=\/wp\/v2\/posts\/2722","targetHints":{"allow":["GET"]}}],"collection":[{"href":"https:\/\/gazetaregionalna.com\/index.php?rest_route=\/wp\/v2\/posts"}],"about":[{"href":"https:\/\/gazetaregionalna.com\/index.php?rest_route=\/wp\/v2\/types\/post"}],"author":[{"embeddable":true,"href":"https:\/\/gazetaregionalna.com\/index.php?rest_route=\/wp\/v2\/users\/3"}],"replies":[{"embeddable":true,"href":"https:\/\/gazetaregionalna.com\/index.php?rest_route=%2Fwp%2Fv2%2Fcomments&post=2722"}],"version-history":[{"count":1,"href":"https:\/\/gazetaregionalna.com\/index.php?rest_route=\/wp\/v2\/posts\/2722\/revisions"}],"predecessor-version":[{"id":2726,"href":"https:\/\/gazetaregionalna.com\/index.php?rest_route=\/wp\/v2\/posts\/2722\/revisions\/2726"}],"wp:featuredmedia":[{"embeddable":true,"href":"https:\/\/gazetaregionalna.com\/index.php?rest_route=\/wp\/v2\/media\/2725"}],"wp:attachment":[{"href":"https:\/\/gazetaregionalna.com\/index.php?rest_route=%2Fwp%2Fv2%2Fmedia&parent=2722"}],"wp:term":[{"taxonomy":"category","embeddable":true,"href":"https:\/\/gazetaregionalna.com\/index.php?rest_route=%2Fwp%2Fv2%2Fcategories&post=2722"},{"taxonomy":"post_tag","embeddable":true,"href":"https:\/\/gazetaregionalna.com\/index.php?rest_route=%2Fwp%2Fv2%2Ftags&post=2722"}],"curies":[{"name":"wp","href":"https:\/\/api.w.org\/{rel}","templated":true}]}}