{"id":27205,"date":"2020-11-25T11:26:05","date_gmt":"2020-11-25T11:26:05","guid":{"rendered":"https:\/\/gazetaregionalna.com\/?p=27205"},"modified":"2020-11-25T11:26:10","modified_gmt":"2020-11-25T11:26:10","slug":"nowe-urzadzenia","status":"publish","type":"post","link":"https:\/\/gazetaregionalna.com\/?p=27205","title":{"rendered":"Nowe urz\u0105dzenia i ogrodzenie na placu zabaw w Blachowni"},"content":{"rendered":"\n<h2 class=\"wp-block-heading\">W Gminie Blachownia zosta\u0142 zmodernizowany plac zabaw. <\/h2>\n\n\n\n<p>Obiekt znajduj\u0105cy si\u0119 mi\u0119dzy blokami przy ul. Sienkiewicza,\nnieopodal skrzy\u017cowania z DK46 zyska\u0142 nowe urz\u0105dzenia oraz nowe kolorowe\nogrodzenie.<\/p>\n\n\n\n<figure class=\"wp-block-image size-large\"><img decoding=\"async\" width=\"800\" height=\"578\" data-src=\"https:\/\/gazetaregionalna.com\/wp-content\/uploads\/2020\/11\/plac-1.png\" alt=\"\" class=\"wp-image-27207 lazyload\" data-srcset=\"https:\/\/gazetaregionalna.com\/wp-content\/uploads\/2020\/11\/plac-1.png 800w, https:\/\/gazetaregionalna.com\/wp-content\/uploads\/2020\/11\/plac-1-300x217.png 300w, https:\/\/gazetaregionalna.com\/wp-content\/uploads\/2020\/11\/plac-1-768x555.png 768w, https:\/\/gazetaregionalna.com\/wp-content\/uploads\/2020\/11\/plac-1-324x235.png 324w, https:\/\/gazetaregionalna.com\/wp-content\/uploads\/2020\/11\/plac-1-696x503.png 696w, https:\/\/gazetaregionalna.com\/wp-content\/uploads\/2020\/11\/plac-1-581x420.png 581w\" data-sizes=\"(max-width: 800px) 100vw, 800px\" src=\"data:image\/svg+xml;base64,PHN2ZyB3aWR0aD0iMSIgaGVpZ2h0PSIxIiB4bWxucz0iaHR0cDovL3d3dy53My5vcmcvMjAwMC9zdmciPjwvc3ZnPg==\" style=\"--smush-placeholder-width: 800px; --smush-placeholder-aspect-ratio: 800\/578;\" \/><figcaption>Fot: UG Blachownia<\/figcaption><\/figure>\n\n\n\n<p>Dokupiony sprz\u0119t od razu ucieszy\u0142 najm\u0142odszych u\u017cytkownik\u00f3w,\na rodzice s\u0105 zadowoleni z kolorowego ogrodzenia, bo nie do\u015b\u0107, \u017ce jest kolorowo,\nto jest te\u017c i bezpieczniej.<\/p>\n\n\n\n<p>&#8211;<em>&nbsp;<\/em><em>\u201e<\/em><em>Zale\u017cy nam na bezpiecze\u0144stwie\nnajm\u0142odszych i ich dobrym samopoczuciu, a nic tak nie poprawia humoru jak\npi\u0119kne, kolorowe otoczenie<\/em><em>\u201d<\/em>&nbsp;&#8211;\nm\u00f3wi Burmistrz Sylwia Szyma\u0144ska.<\/p>\n\n\n\n<p>Koszt ca\u0142ej inwestycji poch\u0142on\u0105\u0142 34 tys. z\u0142 z miejskiego bud\u017cetu.<\/p>\n\n\n\n<p>[post_gallery]<\/p>\n\n\n\n<p>Fot: UG Blachownia<\/p>\n","protected":false},"excerpt":{"rendered":"<p>W Gminie Blachownia zosta\u0142 zmodernizowany plac zabaw. Obiekt znajduj\u0105cy si\u0119 mi\u0119dzy blokami przy ul. Sienkiewicza, nieopodal skrzy\u017cowania z DK46 zyska\u0142 nowe urz\u0105dzenia oraz nowe<\/p>\n","protected":false},"author":12,"featured_media":27213,"comment_status":"open","ping_status":"open","sticky":false,"template":"","format":"standard","meta":{"_monsterinsights_skip_tracking":false,"_monsterinsights_sitenote_active":false,"_monsterinsights_sitenote_note":"","_monsterinsights_sitenote_category":0,"_uf_show_specific_survey":0,"_uf_disable_surveys":false,"footnotes":""},"categories":[33,15,94,4,2],"tags":[],"class_list":["post-27205","post","type-post","status-publish","format-standard","has-post-thumbnail","hentry","category-inwestycje","category-dla-dzieci","category-polecane","category-region","category-wiadomosci"],"_links":{"self":[{"href":"https:\/\/gazetaregionalna.com\/index.php?rest_route=\/wp\/v2\/posts\/27205","targetHints":{"allow":["GET"]}}],"collection":[{"href":"https:\/\/gazetaregionalna.com\/index.php?rest_route=\/wp\/v2\/posts"}],"about":[{"href":"https:\/\/gazetaregionalna.com\/index.php?rest_route=\/wp\/v2\/types\/post"}],"author":[{"embeddable":true,"href":"https:\/\/gazetaregionalna.com\/index.php?rest_route=\/wp\/v2\/users\/12"}],"replies":[{"embeddable":true,"href":"https:\/\/gazetaregionalna.com\/index.php?rest_route=%2Fwp%2Fv2%2Fcomments&post=27205"}],"version-history":[{"count":2,"href":"https:\/\/gazetaregionalna.com\/index.php?rest_route=\/wp\/v2\/posts\/27205\/revisions"}],"predecessor-version":[{"id":27214,"href":"https:\/\/gazetaregionalna.com\/index.php?rest_route=\/wp\/v2\/posts\/27205\/revisions\/27214"}],"wp:featuredmedia":[{"embeddable":true,"href":"https:\/\/gazetaregionalna.com\/index.php?rest_route=\/wp\/v2\/media\/27213"}],"wp:attachment":[{"href":"https:\/\/gazetaregionalna.com\/index.php?rest_route=%2Fwp%2Fv2%2Fmedia&parent=27205"}],"wp:term":[{"taxonomy":"category","embeddable":true,"href":"https:\/\/gazetaregionalna.com\/index.php?rest_route=%2Fwp%2Fv2%2Fcategories&post=27205"},{"taxonomy":"post_tag","embeddable":true,"href":"https:\/\/gazetaregionalna.com\/index.php?rest_route=%2Fwp%2Fv2%2Ftags&post=27205"}],"curies":[{"name":"wp","href":"https:\/\/api.w.org\/{rel}","templated":true}]}}