{"id":2719,"date":"2019-04-24T10:35:09","date_gmt":"2019-04-24T10:35:09","guid":{"rendered":"https:\/\/gazetaregionalna.com\/?p=2719"},"modified":"2019-04-24T10:35:12","modified_gmt":"2019-04-24T10:35:12","slug":"kupiecki-sasiek-juz-4-maja","status":"publish","type":"post","link":"https:\/\/gazetaregionalna.com\/?p=2719","title":{"rendered":"Kupiecki S\u0105siek ju\u017c 4 maja."},"content":{"rendered":"\n<p>W sobot\u0119, 4 maja odb\u0119dzie si\u0119 w \u017barkach pierwszy w tym roku Kupiecki S\u0105siek, czyli tradycyjny targ wiejski.<br> Odwiedzaj\u0105cy zabytkow\u0105, \u017careck\u0105 stodo\u0142\u0119 b\u0119d\u0105 mogli si\u0119 zaopatrzy\u0107 mi\u0119dzy innymi w prawdziwy chleb na zakwasie, chleb tatarczuch, chleb orkiszowy, a tak\u017ce mi\u00f3d. <br> Jak zwykle na targowych stoiskach nie zabraknie r\u0119kodzie\u0142a: koronek, produkt\u00f3w z filcu, kartek wykonanych haftem krzy\u017cykowym, artyku\u0142\u00f3w dekoracyjnych z wikliny, witra\u017cy, szklanych figurek.<\/p>\n\n\n\n<figure class=\"wp-block-image is-resized\"><img decoding=\"async\" data-src=\"https:\/\/gazetaregionalna.com\/wp-content\/uploads\/2019\/04\/sasiek_2019-1-1024x686.jpg\" alt=\"\" class=\"wp-image-2720 lazyload\" width=\"720\" data-srcset=\"https:\/\/gazetaregionalna.com\/wp-content\/uploads\/2019\/04\/sasiek_2019-1-1024x686.jpg 1024w, https:\/\/gazetaregionalna.com\/wp-content\/uploads\/2019\/04\/sasiek_2019-1-300x201.jpg 300w, https:\/\/gazetaregionalna.com\/wp-content\/uploads\/2019\/04\/sasiek_2019-1-768x514.jpg 768w, https:\/\/gazetaregionalna.com\/wp-content\/uploads\/2019\/04\/sasiek_2019-1.jpg 1162w\" data-sizes=\"(max-width: 1024px) 100vw, 1024px\" src=\"data:image\/svg+xml;base64,PHN2ZyB3aWR0aD0iMSIgaGVpZ2h0PSIxIiB4bWxucz0iaHR0cDovL3d3dy53My5vcmcvMjAwMC9zdmciPjwvc3ZnPg==\" style=\"--smush-placeholder-width: 1024px; --smush-placeholder-aspect-ratio: 1024\/686;\" \/><\/figure>\n\n\n\n<p><br> Dla najm\u0142odszych go\u015bci animatorzy z Etno Jury w \u017barkach przygotuj\u0105 bezp\u0142atne zaj\u0119cia z r\u0119kodzie\u0142a pt. \u201eKreatywne warsztaty z sianka\u201d.<br> Targowisko czynne b\u0119dzie od godziny 8.30 do 11.30. Organizatorami Kupieckiego S\u0105sieku s\u0105: Dom Kultury i Urz\u0105d Miasta i Gminy \u017barki. Zakupy  go\u015bciom b\u0119dzie umila\u0107 b\u0119dzie przez ca\u0142\u0105 sobot\u0119 Kapela Ani &#8211; Ani z \u017barek.<\/p>\n","protected":false},"excerpt":{"rendered":"<p>W sobot\u0119, 4 maja odb\u0119dzie si\u0119 w \u017barkach pierwszy w tym roku Kupiecki S\u0105siek, czyli tradycyjny targ wiejski. Odwiedzaj\u0105cy zabytkow\u0105, \u017careck\u0105 stodo\u0142\u0119 b\u0119d\u0105 mogli<\/p>\n","protected":false},"author":3,"featured_media":2720,"comment_status":"open","ping_status":"open","sticky":false,"template":"","format":"standard","meta":{"_monsterinsights_skip_tracking":false,"_monsterinsights_sitenote_active":false,"_monsterinsights_sitenote_note":"","_monsterinsights_sitenote_category":0,"_uf_show_specific_survey":0,"_uf_disable_surveys":false,"footnotes":""},"categories":[4,30],"tags":[],"class_list":["post-2719","post","type-post","status-publish","format-standard","has-post-thumbnail","hentry","category-region","category-wypoczynek"],"_links":{"self":[{"href":"https:\/\/gazetaregionalna.com\/index.php?rest_route=\/wp\/v2\/posts\/2719","targetHints":{"allow":["GET"]}}],"collection":[{"href":"https:\/\/gazetaregionalna.com\/index.php?rest_route=\/wp\/v2\/posts"}],"about":[{"href":"https:\/\/gazetaregionalna.com\/index.php?rest_route=\/wp\/v2\/types\/post"}],"author":[{"embeddable":true,"href":"https:\/\/gazetaregionalna.com\/index.php?rest_route=\/wp\/v2\/users\/3"}],"replies":[{"embeddable":true,"href":"https:\/\/gazetaregionalna.com\/index.php?rest_route=%2Fwp%2Fv2%2Fcomments&post=2719"}],"version-history":[{"count":2,"href":"https:\/\/gazetaregionalna.com\/index.php?rest_route=\/wp\/v2\/posts\/2719\/revisions"}],"predecessor-version":[{"id":110959,"href":"https:\/\/gazetaregionalna.com\/index.php?rest_route=\/wp\/v2\/posts\/2719\/revisions\/110959"}],"wp:featuredmedia":[{"embeddable":true,"href":"https:\/\/gazetaregionalna.com\/index.php?rest_route=\/wp\/v2\/media\/2720"}],"wp:attachment":[{"href":"https:\/\/gazetaregionalna.com\/index.php?rest_route=%2Fwp%2Fv2%2Fmedia&parent=2719"}],"wp:term":[{"taxonomy":"category","embeddable":true,"href":"https:\/\/gazetaregionalna.com\/index.php?rest_route=%2Fwp%2Fv2%2Fcategories&post=2719"},{"taxonomy":"post_tag","embeddable":true,"href":"https:\/\/gazetaregionalna.com\/index.php?rest_route=%2Fwp%2Fv2%2Ftags&post=2719"}],"curies":[{"name":"wp","href":"https:\/\/api.w.org\/{rel}","templated":true}]}}