{"id":2706,"date":"2019-04-24T07:39:39","date_gmt":"2019-04-24T07:39:39","guid":{"rendered":"https:\/\/gazetaregionalna.com\/?p=2706"},"modified":"2019-04-24T07:39:43","modified_gmt":"2019-04-24T07:39:43","slug":"rada-czeka-na-seniorow","status":"publish","type":"post","link":"https:\/\/gazetaregionalna.com\/?p=2706","title":{"rendered":"Rada czeka na senior\u00f3w"},"content":{"rendered":"\n<p>Prezydent Miasta Radomska og\u0142osi\u0142 nab\u00f3r do Miejskiej Rady Senior\u00f3w. Zg\u0142oszenia przyjmowane b\u0119d\u0105 do 14 maja.<br> Miejska Rada Senior\u00f3w mo\u017ce si\u0119 rekrutowa\u0107  wy\u0142\u0105cznie spo\u015br\u00f3d radomszczan, kt\u00f3rzy uko\u0144czyli 60 lat.  Kandydat\u00f3w na przysz\u0142ych cz\u0142onk\u00f3w Rady mog\u0105 proponowa\u0107 organizacje zrzeszaj\u0105ce senior\u00f3w i dzia\u0142aj\u0105ce na rzecz os\u00f3b starszych. kt\u00f3re maj\u0105 swoj\u0105 siedzib\u0119 lub oddzia\u0142 terenowy w Radomsku.<br>  Zg\u0142oszenia nale\u017cy dokona\u0107 w formie pisemnej, na specjalnym formularzu zg\u0142oszeniowym. Pobra\u0107 go mo\u017cna  w Urz\u0119dzie Miasta Radomska w Centrum Aktywno\u015bci Spo\u0142ecznej oraz na stronie internetowej www.radomsko.pl w zak\u0142adce ngo.<br> Do zg\u0142oszenia trzeba do\u0142\u0105czy\u0107 o\u015bwiadczenie kandydata o wyra\u017ceniu zgody na kandydowanie oraz klauzul\u0119 informacyjn\u0105 dotycz\u0105c\u0105 przetwarzania danych osobowych.<br> Zg\u0142oszenia kandydat\u00f3w nale\u017cy przesy\u0142a\u0107 na adres Urz\u0119du Miasta Radomsko: ul. Tysi\u0105clecia 5, 97-500 Radomsko, w zaklejonej kopercie z dopiskiem  &#8222;Nab\u00f3r do Miejskiej Rady Senior\u00f3w w Radomsku&#8221;.<\/p>\n","protected":false},"excerpt":{"rendered":"<p>Prezydent Miasta Radomska og\u0142osi\u0142 nab\u00f3r do Miejskiej Rady Senior\u00f3w. Zg\u0142oszenia przyjmowane b\u0119d\u0105 do 14 maja. Miejska Rada Senior\u00f3w mo\u017ce si\u0119 rekrutowa\u0107 wy\u0142\u0105cznie spo\u015br\u00f3d radomszczan,<\/p>\n","protected":false},"author":3,"featured_media":0,"comment_status":"open","ping_status":"open","sticky":false,"template":"","format":"standard","meta":{"_monsterinsights_skip_tracking":false,"_monsterinsights_sitenote_active":false,"_monsterinsights_sitenote_note":"","_monsterinsights_sitenote_category":0,"_uf_show_specific_survey":0,"_uf_disable_surveys":false,"footnotes":""},"categories":[28,1],"tags":[],"class_list":["post-2706","post","type-post","status-publish","format-standard","hentry","category-radomsko","category-uncategorized"],"_links":{"self":[{"href":"https:\/\/gazetaregionalna.com\/index.php?rest_route=\/wp\/v2\/posts\/2706","targetHints":{"allow":["GET"]}}],"collection":[{"href":"https:\/\/gazetaregionalna.com\/index.php?rest_route=\/wp\/v2\/posts"}],"about":[{"href":"https:\/\/gazetaregionalna.com\/index.php?rest_route=\/wp\/v2\/types\/post"}],"author":[{"embeddable":true,"href":"https:\/\/gazetaregionalna.com\/index.php?rest_route=\/wp\/v2\/users\/3"}],"replies":[{"embeddable":true,"href":"https:\/\/gazetaregionalna.com\/index.php?rest_route=%2Fwp%2Fv2%2Fcomments&post=2706"}],"version-history":[{"count":1,"href":"https:\/\/gazetaregionalna.com\/index.php?rest_route=\/wp\/v2\/posts\/2706\/revisions"}],"predecessor-version":[{"id":2707,"href":"https:\/\/gazetaregionalna.com\/index.php?rest_route=\/wp\/v2\/posts\/2706\/revisions\/2707"}],"wp:attachment":[{"href":"https:\/\/gazetaregionalna.com\/index.php?rest_route=%2Fwp%2Fv2%2Fmedia&parent=2706"}],"wp:term":[{"taxonomy":"category","embeddable":true,"href":"https:\/\/gazetaregionalna.com\/index.php?rest_route=%2Fwp%2Fv2%2Fcategories&post=2706"},{"taxonomy":"post_tag","embeddable":true,"href":"https:\/\/gazetaregionalna.com\/index.php?rest_route=%2Fwp%2Fv2%2Ftags&post=2706"}],"curies":[{"name":"wp","href":"https:\/\/api.w.org\/{rel}","templated":true}]}}