{"id":2701,"date":"2019-04-23T06:44:52","date_gmt":"2019-04-23T06:44:52","guid":{"rendered":"https:\/\/gazetaregionalna.com\/?p=2701"},"modified":"2019-04-23T06:44:53","modified_gmt":"2019-04-23T06:44:53","slug":"mpk-czestochowa-zmiany-w-aplikacji-livempk","status":"publish","type":"post","link":"https:\/\/gazetaregionalna.com\/?p=2701","title":{"rendered":"MPK Cz\u0119stochowa. Zmiany w aplikacji LiveMPK"},"content":{"rendered":"\n<p><strong>Nowe rozwi\u0105zania na interaktywnej platformie LiveMPK odpowiadaj\u0105 na sugestie zg\u0142aszane przez pasa\u017cerki i pasa\u017cer\u00f3w. Bezpo\u015bredni wp\u0142yw na komunikaty dotycz\u0105ce utrudnie\u0144 w komunikacji czy sytuacji nadzwyczajnych maj\u0105 teraz tak\u017ce dyspozytorzy.<\/strong><\/p>\n\n\n\n<p>Administratorzy platformy \u2013 dost\u0119pnej pod adresem&nbsp;<a href=\"http:\/\/www.live.mpk.czest.pl\/\" target=\"_blank\" rel=\"noopener\">www.live.mpk.czest.pl<\/a>&nbsp;\u2013 wprowadzili szereg zmian w jej ustawieniach.<\/p>\n\n\n\n<p>Bezpo\u015bredni wp\u0142yw na komunikaty dotycz\u0105ce utrudnie\u0144 w komunikacji czy sytuacji nadzwyczajnych b\u0119d\u0105 mieli teraz tak\u017ce dyspozytorzy. Zmiany umo\u017cliwi\u0105 prezentacj\u0119 informacji o planowanych zmianach w komunikacji oraz aktualnej sytuacji na drogach miasta. Opr\u00f3cz tego, \u017ce komunikaty prezentowane s\u0105 na stronie g\u0142\u00f3wnej LiveMPK, to wy\u015bwietlane s\u0105 r\u00f3wnie\u017c w widoku podgl\u0105du odjazd\u00f3w z przystanku w ramach aplikacji LiveMPK.<\/p>\n\n\n\n<p>W praktyce oznacza to, \u017ce je\u015bli Miejski Zarz\u0105d Dr\u00f3g i Transportu przesy\u0142a MPK komunikat z wa\u017cnymi informacjami na temat funkcjonowania danej linii, to wy\u015bwietli si\u0119 on na LiveMPK w oznaczeniu wszystkich przystank\u00f3w tej linii \u2013 dzi\u0119ki temu wszyscy u\u017cytkownicy aplikacji z tak\u0105 informacj\u0105 si\u0119 zapoznaj\u0105. Je\u015bli MZDiT poinformuje MPK, \u017ce konkretny przystanek jest zawieszony, to komunikat taki pojawi si\u0119 tylko w \u201eprofilu\u201d tego przystanku.<\/p>\n\n\n\n<p>Dzi\u0119ki takim udogodnieniom dyspozytor ma dost\u0119p do nadzoru nad komunikatami. Mo\u017ce w kilka sekund wys\u0142a\u0107 komunikat dotycz\u0105cy utrudnie\u0144 \u2013 np. o zablokowanym przeje\u017adzie, awarii trakcji czy czasowym wstrzymaniu ruchu tramwaj\u00f3w. Komunikat zobacz\u0105 ci, kt\u00f3rych informacja dotyczy \u2013 dyspozytor mo\u017ce go wys\u0142a\u0107 do profilu konkretnego przystanku na LiveMPK lub dla ca\u0142ej linii.<\/p>\n\n\n\n<p>MPK czeka na kolejne sugestie na temat dzia\u0142ania platformy LiveMPK. Dzi\u0119ki temu co jaki\u015b czas b\u0119dzie ona udoskonalana zgodnie z wol\u0105 cz\u0119stochowskich pasa\u017cerek i pasa\u017cer\u00f3w. <\/p>\n\n\n\n<p>(UM Cz\u0119stochowa)<\/p>\n","protected":false},"excerpt":{"rendered":"<p>Nowe rozwi\u0105zania na interaktywnej platformie LiveMPK odpowiadaj\u0105 na sugestie zg\u0142aszane przez pasa\u017cerki i pasa\u017cer\u00f3w. Bezpo\u015bredni wp\u0142yw na komunikaty dotycz\u0105ce utrudnie\u0144 w komunikacji czy sytuacji<\/p>\n","protected":false},"author":3,"featured_media":0,"comment_status":"open","ping_status":"open","sticky":false,"template":"","format":"standard","meta":{"_monsterinsights_skip_tracking":false,"_monsterinsights_sitenote_active":false,"_monsterinsights_sitenote_note":"","_monsterinsights_sitenote_category":0,"_uf_show_specific_survey":0,"_uf_disable_surveys":false,"footnotes":""},"categories":[44,3,18,2],"tags":[],"class_list":["post-2701","post","type-post","status-publish","format-standard","hentry","category-bezpieczenstwo","category-czestochowa-informacje","category-motoryzacja","category-wiadomosci"],"_links":{"self":[{"href":"https:\/\/gazetaregionalna.com\/index.php?rest_route=\/wp\/v2\/posts\/2701","targetHints":{"allow":["GET"]}}],"collection":[{"href":"https:\/\/gazetaregionalna.com\/index.php?rest_route=\/wp\/v2\/posts"}],"about":[{"href":"https:\/\/gazetaregionalna.com\/index.php?rest_route=\/wp\/v2\/types\/post"}],"author":[{"embeddable":true,"href":"https:\/\/gazetaregionalna.com\/index.php?rest_route=\/wp\/v2\/users\/3"}],"replies":[{"embeddable":true,"href":"https:\/\/gazetaregionalna.com\/index.php?rest_route=%2Fwp%2Fv2%2Fcomments&post=2701"}],"version-history":[{"count":1,"href":"https:\/\/gazetaregionalna.com\/index.php?rest_route=\/wp\/v2\/posts\/2701\/revisions"}],"predecessor-version":[{"id":2702,"href":"https:\/\/gazetaregionalna.com\/index.php?rest_route=\/wp\/v2\/posts\/2701\/revisions\/2702"}],"wp:attachment":[{"href":"https:\/\/gazetaregionalna.com\/index.php?rest_route=%2Fwp%2Fv2%2Fmedia&parent=2701"}],"wp:term":[{"taxonomy":"category","embeddable":true,"href":"https:\/\/gazetaregionalna.com\/index.php?rest_route=%2Fwp%2Fv2%2Fcategories&post=2701"},{"taxonomy":"post_tag","embeddable":true,"href":"https:\/\/gazetaregionalna.com\/index.php?rest_route=%2Fwp%2Fv2%2Ftags&post=2701"}],"curies":[{"name":"wp","href":"https:\/\/api.w.org\/{rel}","templated":true}]}}