{"id":26974,"date":"2020-11-23T06:01:30","date_gmt":"2020-11-23T06:01:30","guid":{"rendered":"https:\/\/gazetaregionalna.com\/?p=26974"},"modified":"2020-11-23T06:01:45","modified_gmt":"2020-11-23T06:01:45","slug":"dzisiaj-rusza-remont-torowiska-w-centrum-czestochowy","status":"publish","type":"post","link":"https:\/\/gazetaregionalna.com\/?p=26974","title":{"rendered":"Dzisiaj rusza remont torowiska w centrum Cz\u0119stochowy"},"content":{"rendered":"\n<h2 class=\"wp-block-heading\">Dzisiaj rusza remont torowiska w centrum Cz\u0119stochowy.<br> Na pocz\u0105tek ekipy remontowe rozpoczn\u0105 demonta\u017c starej infrastruktury na linii tramwajowej.<\/h2>\n\n\n\n<p><br> Roboty prowadzone b\u0119d\u0105 od dzisiaj w alejach: Ko\u015bciuszki i Wolno\u015bci.<\/p>\n\n\n\n<figure class=\"wp-block-image size-large\"><img decoding=\"async\" width=\"724\" height=\"1024\" data-src=\"https:\/\/gazetaregionalna.com\/wp-content\/uploads\/2020\/11\/Przebudowa_tramwaju_orientacja-1-724x1024.jpg\" alt=\"\" class=\"wp-image-26977 lazyload\" data-srcset=\"https:\/\/gazetaregionalna.com\/wp-content\/uploads\/2020\/11\/Przebudowa_tramwaju_orientacja-1-724x1024.jpg 724w, https:\/\/gazetaregionalna.com\/wp-content\/uploads\/2020\/11\/Przebudowa_tramwaju_orientacja-1-212x300.jpg 212w, https:\/\/gazetaregionalna.com\/wp-content\/uploads\/2020\/11\/Przebudowa_tramwaju_orientacja-1-768x1086.jpg 768w, https:\/\/gazetaregionalna.com\/wp-content\/uploads\/2020\/11\/Przebudowa_tramwaju_orientacja-1-1086x1536.jpg 1086w, https:\/\/gazetaregionalna.com\/wp-content\/uploads\/2020\/11\/Przebudowa_tramwaju_orientacja-1-696x984.jpg 696w, https:\/\/gazetaregionalna.com\/wp-content\/uploads\/2020\/11\/Przebudowa_tramwaju_orientacja-1-1068x1510.jpg 1068w, https:\/\/gazetaregionalna.com\/wp-content\/uploads\/2020\/11\/Przebudowa_tramwaju_orientacja-1-297x420.jpg 297w, https:\/\/gazetaregionalna.com\/wp-content\/uploads\/2020\/11\/Przebudowa_tramwaju_orientacja-1.jpg 1132w\" data-sizes=\"(max-width: 724px) 100vw, 724px\" src=\"data:image\/svg+xml;base64,PHN2ZyB3aWR0aD0iMSIgaGVpZ2h0PSIxIiB4bWxucz0iaHR0cDovL3d3dy53My5vcmcvMjAwMC9zdmciPjwvc3ZnPg==\" style=\"--smush-placeholder-width: 724px; --smush-placeholder-aspect-ratio: 724\/1024;\" \/><\/figure>\n\n\n\n<p>Jak informuje Miejski Zarz\u0105d Dr\u00f3g i Transportu,  na pocz\u0105tku, zakres rob\u00f3t nie b\u0119dzie obejmowa\u0142 skrzy\u017cowa\u0144, a jedynie odcinki alei Ko\u015bciuszki i alei  Wolno\u015bci mi\u0119dzy skrzy\u017cowaniami.  <br> Mimo to kierowcy jad\u0105cy przez \u015ar\u00f3dmie\u015bcie musz\u0105 si\u0119 liczy\u0107 z pewnymi utrudnieniami.<br> Wykonanie zaplanowanych prac b\u0119dzie wymaga\u0142o bowiem zmian w organizacji ruchu, polegaj\u0105cych g\u0142\u00f3wnie na wy\u0142\u0105czeniu z ruchu pasa jezdni szeroko\u015bci ok. 3m wzd\u0142u\u017c torowiska tramwajowego. <\/p>\n\n\n\n<p><br> Na tym etapie roboty nie b\u0119d\u0105 wymaga\u0142y zmian w organizacji ruchu w centrum miasta, ale i z nimi niebawem te\u017c trzeba si\u0119 liczy\u0107. MZDiT b\u0119dzie o nich, jak zapewnia, informowa\u0107 z odpowiednim wyprzedzeniem.<br> Konsorcjum NDI, wykonawca modernizacji linii tramwajowej,prowadzi r\u00f3wnolegle roboty przy modernizacji torowiska w alejach: Armii Krajowej i Niepodleg\u0142o\u015bci. Tam tak\u017ce trzeba zachowa\u0107 ostro\u017cno\u015b\u0107.<\/p>\n","protected":false},"excerpt":{"rendered":"<p>Dzisiaj rusza remont torowiska w centrum Cz\u0119stochowy. Na pocz\u0105tek ekipy remontowe rozpoczn\u0105 demonta\u017c starej infrastruktury na linii tramwajowej. Roboty prowadzone b\u0119d\u0105 od dzisiaj w<\/p>\n","protected":false},"author":7,"featured_media":26979,"comment_status":"open","ping_status":"open","sticky":false,"template":"","format":"standard","meta":{"_monsterinsights_skip_tracking":false,"_monsterinsights_sitenote_active":false,"_monsterinsights_sitenote_note":"","_monsterinsights_sitenote_category":0,"_uf_show_specific_survey":0,"_uf_disable_surveys":false,"footnotes":""},"categories":[94,3,2],"tags":[],"class_list":["post-26974","post","type-post","status-publish","format-standard","has-post-thumbnail","hentry","category-polecane","category-czestochowa-informacje","category-wiadomosci"],"_links":{"self":[{"href":"https:\/\/gazetaregionalna.com\/index.php?rest_route=\/wp\/v2\/posts\/26974","targetHints":{"allow":["GET"]}}],"collection":[{"href":"https:\/\/gazetaregionalna.com\/index.php?rest_route=\/wp\/v2\/posts"}],"about":[{"href":"https:\/\/gazetaregionalna.com\/index.php?rest_route=\/wp\/v2\/types\/post"}],"author":[{"embeddable":true,"href":"https:\/\/gazetaregionalna.com\/index.php?rest_route=\/wp\/v2\/users\/7"}],"replies":[{"embeddable":true,"href":"https:\/\/gazetaregionalna.com\/index.php?rest_route=%2Fwp%2Fv2%2Fcomments&post=26974"}],"version-history":[{"count":4,"href":"https:\/\/gazetaregionalna.com\/index.php?rest_route=\/wp\/v2\/posts\/26974\/revisions"}],"predecessor-version":[{"id":26980,"href":"https:\/\/gazetaregionalna.com\/index.php?rest_route=\/wp\/v2\/posts\/26974\/revisions\/26980"}],"wp:featuredmedia":[{"embeddable":true,"href":"https:\/\/gazetaregionalna.com\/index.php?rest_route=\/wp\/v2\/media\/26979"}],"wp:attachment":[{"href":"https:\/\/gazetaregionalna.com\/index.php?rest_route=%2Fwp%2Fv2%2Fmedia&parent=26974"}],"wp:term":[{"taxonomy":"category","embeddable":true,"href":"https:\/\/gazetaregionalna.com\/index.php?rest_route=%2Fwp%2Fv2%2Fcategories&post=26974"},{"taxonomy":"post_tag","embeddable":true,"href":"https:\/\/gazetaregionalna.com\/index.php?rest_route=%2Fwp%2Fv2%2Ftags&post=26974"}],"curies":[{"name":"wp","href":"https:\/\/api.w.org\/{rel}","templated":true}]}}