{"id":26972,"date":"2020-11-22T20:36:23","date_gmt":"2020-11-22T20:36:23","guid":{"rendered":"https:\/\/gazetaregionalna.com\/?p=26972"},"modified":"2020-11-22T20:36:25","modified_gmt":"2020-11-22T20:36:25","slug":"przerwa-w-dostawie-pradu-65","status":"publish","type":"post","link":"https:\/\/gazetaregionalna.com\/?p=26972","title":{"rendered":"UWAGA! Przerwa w dostawie pr\u0105du w powiecie radomszcza\u0144skim!"},"content":{"rendered":"\n<h2 class=\"wp-block-heading\">Dystrybutor\npr\u0105du planuje przerw\u0119 w dostawie energii na najbli\u017csze 5 dni w powiecie\nradomszcza\u0144skim.<\/h2>\n\n\n\n<p>Brak w dostawie\nenergii nast\u0105pi w gminie:<\/p>\n\n\n\n<p><strong>Dobryszyce 27 listopada 2020<\/strong> <strong>roku<\/strong>\nna ulicy:<\/p>\n\n\n\n<ul class=\"wp-block-list\"><li>ul. Rzemie\u015blnicza 1-17\nnieparzyste od godziny <strong>&nbsp;8:00 <\/strong>do <strong>14:30<\/strong>;<\/li><li>ul. Kwiatowa 5a-17\nnieparzyste, 8-22 parzyste, Trzebnicka 15, 17, 19, G\u00f3rna 36 od godziny <strong>&nbsp;8:00\n<\/strong>do <strong>9:00 <\/strong>i od godziny<strong> 13:00 <\/strong>do <strong>14:30<\/strong><\/li><\/ul>\n\n\n\n<p>Dostawca\npr\u0105du przeprasza za utrudnienia.<\/p>\n","protected":false},"excerpt":{"rendered":"<p>Dystrybutor pr\u0105du planuje przerw\u0119 w dostawie energii na najbli\u017csze 5 dni w powiecie radomszcza\u0144skim. Brak w dostawie energii nast\u0105pi w gminie: Dobryszyce 27 listopada<\/p>\n","protected":false},"author":12,"featured_media":25738,"comment_status":"open","ping_status":"open","sticky":false,"template":"","format":"standard","meta":{"_monsterinsights_skip_tracking":false,"_monsterinsights_sitenote_active":false,"_monsterinsights_sitenote_note":"","_monsterinsights_sitenote_category":0,"_uf_show_specific_survey":0,"_uf_disable_surveys":false,"footnotes":""},"categories":[94,28],"tags":[],"class_list":["post-26972","post","type-post","status-publish","format-standard","has-post-thumbnail","hentry","category-polecane","category-radomsko"],"_links":{"self":[{"href":"https:\/\/gazetaregionalna.com\/index.php?rest_route=\/wp\/v2\/posts\/26972","targetHints":{"allow":["GET"]}}],"collection":[{"href":"https:\/\/gazetaregionalna.com\/index.php?rest_route=\/wp\/v2\/posts"}],"about":[{"href":"https:\/\/gazetaregionalna.com\/index.php?rest_route=\/wp\/v2\/types\/post"}],"author":[{"embeddable":true,"href":"https:\/\/gazetaregionalna.com\/index.php?rest_route=\/wp\/v2\/users\/12"}],"replies":[{"embeddable":true,"href":"https:\/\/gazetaregionalna.com\/index.php?rest_route=%2Fwp%2Fv2%2Fcomments&post=26972"}],"version-history":[{"count":1,"href":"https:\/\/gazetaregionalna.com\/index.php?rest_route=\/wp\/v2\/posts\/26972\/revisions"}],"predecessor-version":[{"id":26973,"href":"https:\/\/gazetaregionalna.com\/index.php?rest_route=\/wp\/v2\/posts\/26972\/revisions\/26973"}],"wp:featuredmedia":[{"embeddable":true,"href":"https:\/\/gazetaregionalna.com\/index.php?rest_route=\/wp\/v2\/media\/25738"}],"wp:attachment":[{"href":"https:\/\/gazetaregionalna.com\/index.php?rest_route=%2Fwp%2Fv2%2Fmedia&parent=26972"}],"wp:term":[{"taxonomy":"category","embeddable":true,"href":"https:\/\/gazetaregionalna.com\/index.php?rest_route=%2Fwp%2Fv2%2Fcategories&post=26972"},{"taxonomy":"post_tag","embeddable":true,"href":"https:\/\/gazetaregionalna.com\/index.php?rest_route=%2Fwp%2Fv2%2Ftags&post=26972"}],"curies":[{"name":"wp","href":"https:\/\/api.w.org\/{rel}","templated":true}]}}