{"id":26824,"date":"2020-11-20T19:39:30","date_gmt":"2020-11-20T19:39:30","guid":{"rendered":"https:\/\/gazetaregionalna.com\/?p=26824"},"modified":"2020-11-20T19:39:33","modified_gmt":"2020-11-20T19:39:33","slug":"warsztaty-makramy","status":"publish","type":"post","link":"https:\/\/gazetaregionalna.com\/?p=26824","title":{"rendered":"Lubiteka zaprasza na bezp\u0142atne warsztaty makramy"},"content":{"rendered":"\n<h2 class=\"wp-block-heading\">LUBITEKA &#8211; Miejsko-Powiatowa\nBiblioteka Publiczna im. J. Lompy w Lubli\u0144cu zaprasza na bezp\u0142atne\nwarsztaty, czyli sztuk\u0119 wi\u0105zania sznurk\u00f3w.<\/h2>\n\n\n\n<p>Co to jest Makrama? W&nbsp;j\u0119zyku\narabskim makrama oznacza ozdob\u0119 wi\u0105zan\u0105, a w Polsce r\u00f3wnie\u017c opisuje sam\u0105\nczynno\u015b\u0107 wykonywania r\u00f3\u017cnych przedmiot\u00f3w technik\u0105 wi\u0105zan\u0105. Cz\u0119sto w\u0119z\u0142y tworzy\nsi\u0119 ze specjalnych nici, kt\u00f3rych u\u017cywa si\u0119 bez igie\u0142, drut\u00f3w czy szyde\u0142ek.\nNarz\u0119dziem s\u0105 wy\u0142\u0105cznie ludzkie d\u0142onie.<\/p>\n\n\n\n<p>W Europie makrama pojawi\u0142a\nsi\u0119 dzi\u0119ki staro\u017cytnej Asyrii i Babilonii, w kt\u00f3rej tworzono kr\u00f3lewskie szaty,\nwi\u0119c by\u0142o na ni\u0105 sta\u0107 tylko najbardziej zamo\u017cnych. W obecnych czasach po etapie\nzapomnienia ponownie sta\u0142a si\u0119 bardzo popularna i coraz wi\u0119cej os\u00f3b zaczyna\ntworzy\u0107 w\u0142asne arcydzie\u0142a jako dekoracje domu lub ubioru.<\/p>\n\n\n\n<p>Aby tworzy\u0107 pi\u0119kne dzie\u0142a, wystarczy\ntylko znajomo\u015b\u0107 2-3 podstawowych splot\u00f3w i&nbsp;mo\u017cna ju\u017c tw\u00f3rczo dzia\u0142a\u0107!\nSpos\u00f3b wi\u0105zania, skr\u0119cania i nawijania sznurk\u00f3w lub nici b\u0119dzie prezentowany na\nwarsztatach on-line, na kt\u00f3re gor\u0105co zaprasza Lubiteka.<\/p>\n\n\n\n<p>Spotkanie odb\u0119dzie si\u0119 <strong>26 listopada o godzinie 18:00<\/strong> na stronie <strong><a href=\"https:\/\/www.facebook.com\/bibliotekalubliniec\" class=\"rank-math-link\" target=\"_blank\" rel=\"noopener\">Lubiteki<\/a><\/strong>, a poprowadzi je Pani Magdalena Oberska, kt\u00f3ra udowodni uczestnikom warsztatu jak szybko i \u0142atwo mo\u017cna opanowa\u0107 technik\u0119 makramy.<\/p>\n\n\n\n<figure class=\"wp-block-image size-large\"><img decoding=\"async\" width=\"462\" height=\"654\" data-src=\"https:\/\/gazetaregionalna.com\/wp-content\/uploads\/2020\/11\/plakat-1.png\" alt=\"\" class=\"wp-image-26830 lazyload\" data-srcset=\"https:\/\/gazetaregionalna.com\/wp-content\/uploads\/2020\/11\/plakat-1.png 462w, https:\/\/gazetaregionalna.com\/wp-content\/uploads\/2020\/11\/plakat-1-212x300.png 212w, https:\/\/gazetaregionalna.com\/wp-content\/uploads\/2020\/11\/plakat-1-297x420.png 297w\" data-sizes=\"(max-width: 462px) 100vw, 462px\" src=\"data:image\/svg+xml;base64,PHN2ZyB3aWR0aD0iMSIgaGVpZ2h0PSIxIiB4bWxucz0iaHR0cDovL3d3dy53My5vcmcvMjAwMC9zdmciPjwvc3ZnPg==\" style=\"--smush-placeholder-width: 462px; --smush-placeholder-aspect-ratio: 462\/654;\" \/><figcaption>Fot: Lubiteka w Lubli\u0144cu<\/figcaption><\/figure>\n","protected":false},"excerpt":{"rendered":"<p>LUBITEKA &#8211; Miejsko-Powiatowa Biblioteka Publiczna im. J. Lompy w Lubli\u0144cu zaprasza na bezp\u0142atne warsztaty, czyli sztuk\u0119 wi\u0105zania sznurk\u00f3w. Co to jest Makrama? W&nbsp;j\u0119zyku arabskim<\/p>\n","protected":false},"author":12,"featured_media":26829,"comment_status":"open","ping_status":"open","sticky":false,"template":"","format":"standard","meta":{"_monsterinsights_skip_tracking":false,"_monsterinsights_sitenote_active":false,"_monsterinsights_sitenote_note":"","_monsterinsights_sitenote_category":0,"_uf_show_specific_survey":0,"_uf_disable_surveys":false,"footnotes":""},"categories":[12,25,94,2],"tags":[],"class_list":["post-26824","post","type-post","status-publish","format-standard","has-post-thumbnail","hentry","category-kultura-i-rozrywka","category-lubliniec","category-polecane","category-wiadomosci"],"_links":{"self":[{"href":"https:\/\/gazetaregionalna.com\/index.php?rest_route=\/wp\/v2\/posts\/26824","targetHints":{"allow":["GET"]}}],"collection":[{"href":"https:\/\/gazetaregionalna.com\/index.php?rest_route=\/wp\/v2\/posts"}],"about":[{"href":"https:\/\/gazetaregionalna.com\/index.php?rest_route=\/wp\/v2\/types\/post"}],"author":[{"embeddable":true,"href":"https:\/\/gazetaregionalna.com\/index.php?rest_route=\/wp\/v2\/users\/12"}],"replies":[{"embeddable":true,"href":"https:\/\/gazetaregionalna.com\/index.php?rest_route=%2Fwp%2Fv2%2Fcomments&post=26824"}],"version-history":[{"count":2,"href":"https:\/\/gazetaregionalna.com\/index.php?rest_route=\/wp\/v2\/posts\/26824\/revisions"}],"predecessor-version":[{"id":26831,"href":"https:\/\/gazetaregionalna.com\/index.php?rest_route=\/wp\/v2\/posts\/26824\/revisions\/26831"}],"wp:featuredmedia":[{"embeddable":true,"href":"https:\/\/gazetaregionalna.com\/index.php?rest_route=\/wp\/v2\/media\/26829"}],"wp:attachment":[{"href":"https:\/\/gazetaregionalna.com\/index.php?rest_route=%2Fwp%2Fv2%2Fmedia&parent=26824"}],"wp:term":[{"taxonomy":"category","embeddable":true,"href":"https:\/\/gazetaregionalna.com\/index.php?rest_route=%2Fwp%2Fv2%2Fcategories&post=26824"},{"taxonomy":"post_tag","embeddable":true,"href":"https:\/\/gazetaregionalna.com\/index.php?rest_route=%2Fwp%2Fv2%2Ftags&post=26824"}],"curies":[{"name":"wp","href":"https:\/\/api.w.org\/{rel}","templated":true}]}}