{"id":26663,"date":"2020-11-19T13:49:05","date_gmt":"2020-11-19T13:49:05","guid":{"rendered":"https:\/\/gazetaregionalna.com\/?p=26663"},"modified":"2020-11-19T13:50:09","modified_gmt":"2020-11-19T13:50:09","slug":"siekiera-chcial","status":"publish","type":"post","link":"https:\/\/gazetaregionalna.com\/?p=26663","title":{"rendered":"Siekier\u0105 chcia\u0142 \u201epozabija\u0107 tych, kt\u00f3rzy mu zagra\u017caj\u0105\u201d"},"content":{"rendered":"\n<h2 class=\"wp-block-heading\">Zdenerwowany 60-letni m\u0119\u017cczyzna wyszed\u0142 wczoraj z domu z\nsiekier\u0105 i grozi\u0142, \u017ce pozabija zagra\u017caj\u0105ce mu osoby.<\/h2>\n\n\n\n<p>Do niebezpiecznego zdarzenia dosz\u0142o wczoraj w Gminie Poraj. Oko\u0142o\ngodziny 16.00 zawiadomieni policjanci interweniowali w domu m\u0119\u017cczyzny w zwi\u0105zku\nz awantur\u0105 domow\u0105. Zdenerwowany i mocno wzburzony 60-latek chodzi\u0142 po domu z\nsiekier\u0105 w r\u0119ce i odgra\u017ca\u0142 si\u0119, \u017ce \u201epozabija wszystkich, kt\u00f3rzy mu zagra\u017caj\u0105\u201d. <\/p>\n\n\n\n<p>Tu\u017c przed przyjazdem patrolu policji na telefon alarmowy myszkowskiej\nkomendy policji wp\u0142yn\u0119\u0142o zg\u0142oszenie o zagini\u0119ciu 60-latka, kt\u00f3ry jest uzbrojony\nw niebezpieczne narz\u0119dzie.<\/p>\n\n\n\n<p>Jak si\u0119 okaza\u0142o, mieszkaniec Poraja zd\u0105\u017cy\u0142 uciec przed\npojawieniem si\u0119 funkcjonariuszy. M\u0119\u017cczyzna tylko w samych kapciach opu\u015bci\u0142 dom,\nzabieraj\u0105c ze sob\u0105 siekier\u0119.<\/p>\n\n\n\n<p>Sytuacja by\u0142a bardzo powa\u017cna, poniewa\u017c 60-latek stwarza\u0142\nrealne zagro\u017cenia dla siebie, jak i os\u00f3b napotkanych po drodze, dlatego zast\u0119pca\nszefa myszkowskich policjant\u00f3w&nbsp;m\u0142. insp.&nbsp;Micha\u0142 Chola og\u0142osi\u0142 alarm\ndla ca\u0142ego stanu jednostki. Rozpocz\u0119to r\u00f3wnie\u017c na du\u017c\u0105 skal\u0119 intensywne\nposzukiwania zaginionego.<\/p>\n\n\n\n<p>W akcji poszukiwawczej poza funkcjonariuszami policji brali\ntak\u017ce udzia\u0142 Ochotnicy Stra\u017cy Po\u017carnej z Choronia, G\u0119zyna, Poraja oraz\nMyszkowa. Swoje wsparcie udzieli\u0142a r\u00f3wnie\u017c 5-osobowa za\u0142oga grupy&nbsp;JOPR&nbsp;z\npsem tropi\u0105cym oraz policyjny przewodnik z psem.<\/p>\n\n\n\n<p>Z powodu bardzo p\u00f3\u017anych godzin nocnych akcja poszukiwawcza\nzosta\u0142a przerwana, a jej wznowienie mia\u0142o by\u0107 wznowione dzisiaj rano.<\/p>\n\n\n\n<p>Na szcz\u0119\u015bcie m\u0119\u017cczyzna wr\u00f3ci\u0142 dzisiaj do domu. O godzinie\n7:30 dy\u017curny myszkowskiej komendy otrzyma\u0142 zg\u0142oszenie, \u017ce poszukiwany 60-latek\nstoi pod drzwiami domu i pr\u00f3buj\u0119 si\u0119 dosta\u0107 do \u015brodka.<\/p>\n\n\n\n<p>Patrol z Kozieg\u0142\u00f3w uda\u0142 si\u0119 pod wskazany adres i\nzweryfikowa\u0142 informacj\u0119. M\u0119\u017cczyzna pl\u0105ta\u0142 si\u0119 w rozmowie z policjantami, ale wyt\u0142umaczy\u0107\ngdzie przebywa\u0142 w czasie poszukiwa\u0144. Skierowana na miejsce za\u0142oga karetki\npogotowia zdecydowa\u0142a o\numieszczeniu m\u0119\u017cczyzny w szpitalu. 60-latek znalaz\u0142 si\u0119 ju\u017c pod fachow\u0105 obserwacj\u0105\nlekarzy.<\/p>\n","protected":false},"excerpt":{"rendered":"<p>Zdenerwowany 60-letni m\u0119\u017cczyzna wyszed\u0142 wczoraj z domu z siekier\u0105 i grozi\u0142, \u017ce pozabija zagra\u017caj\u0105ce mu osoby. Do niebezpiecznego zdarzenia dosz\u0142o wczoraj w Gminie Poraj.<\/p>\n","protected":false},"author":12,"featured_media":26665,"comment_status":"open","ping_status":"open","sticky":false,"template":"","format":"standard","meta":{"_monsterinsights_skip_tracking":false,"_monsterinsights_sitenote_active":false,"_monsterinsights_sitenote_note":"","_monsterinsights_sitenote_category":0,"_uf_show_specific_survey":0,"_uf_disable_surveys":false,"footnotes":""},"categories":[44,26,94,4,2],"tags":[],"class_list":["post-26663","post","type-post","status-publish","format-standard","has-post-thumbnail","hentry","category-bezpieczenstwo","category-myszkow","category-polecane","category-region","category-wiadomosci"],"_links":{"self":[{"href":"https:\/\/gazetaregionalna.com\/index.php?rest_route=\/wp\/v2\/posts\/26663","targetHints":{"allow":["GET"]}}],"collection":[{"href":"https:\/\/gazetaregionalna.com\/index.php?rest_route=\/wp\/v2\/posts"}],"about":[{"href":"https:\/\/gazetaregionalna.com\/index.php?rest_route=\/wp\/v2\/types\/post"}],"author":[{"embeddable":true,"href":"https:\/\/gazetaregionalna.com\/index.php?rest_route=\/wp\/v2\/users\/12"}],"replies":[{"embeddable":true,"href":"https:\/\/gazetaregionalna.com\/index.php?rest_route=%2Fwp%2Fv2%2Fcomments&post=26663"}],"version-history":[{"count":2,"href":"https:\/\/gazetaregionalna.com\/index.php?rest_route=\/wp\/v2\/posts\/26663\/revisions"}],"predecessor-version":[{"id":26666,"href":"https:\/\/gazetaregionalna.com\/index.php?rest_route=\/wp\/v2\/posts\/26663\/revisions\/26666"}],"wp:featuredmedia":[{"embeddable":true,"href":"https:\/\/gazetaregionalna.com\/index.php?rest_route=\/wp\/v2\/media\/26665"}],"wp:attachment":[{"href":"https:\/\/gazetaregionalna.com\/index.php?rest_route=%2Fwp%2Fv2%2Fmedia&parent=26663"}],"wp:term":[{"taxonomy":"category","embeddable":true,"href":"https:\/\/gazetaregionalna.com\/index.php?rest_route=%2Fwp%2Fv2%2Fcategories&post=26663"},{"taxonomy":"post_tag","embeddable":true,"href":"https:\/\/gazetaregionalna.com\/index.php?rest_route=%2Fwp%2Fv2%2Ftags&post=26663"}],"curies":[{"name":"wp","href":"https:\/\/api.w.org\/{rel}","templated":true}]}}