{"id":2666,"date":"2019-04-17T00:00:22","date_gmt":"2019-04-17T00:00:22","guid":{"rendered":"https:\/\/gazetaregionalna.com\/?p=2666"},"modified":"2019-04-17T09:22:32","modified_gmt":"2019-04-17T09:22:32","slug":"srebrny-kask-dwoch-juniorow-forbet-wlokniarza-w-finale","status":"publish","type":"post","link":"https:\/\/gazetaregionalna.com\/?p=2666","title":{"rendered":"Srebrny Kask. Dw\u00f3ch junior\u00f3w forBET W\u0142\u00f3kniarza w finale"},"content":{"rendered":"\n<p><strong><em>M\u0142odzie\u017cowcy forBET W\u0142\u00f3kniarza Cz\u0119stochowa Micha\u0142 Gruchalski i Jakub Mi\u015bkowiak wywalczyli we wtorek, 16 kwietnia na torach w Kro\u015bnie i Rawiczu awanse do fina\u0142u Srebrnego Kasku.<\/em><\/strong><\/p>\n\n\n\n<figure class=\"wp-block-image\"><img decoding=\"async\" width=\"773\" height=\"1024\" data-src=\"https:\/\/gazetaregionalna.com\/wp-content\/uploads\/2019\/04\/Micha\u0142-Gruchalski-2-773x1024.jpg\" alt=\"\" class=\"wp-image-2667 lazyload\" src=\"data:image\/svg+xml;base64,PHN2ZyB3aWR0aD0iMSIgaGVpZ2h0PSIxIiB4bWxucz0iaHR0cDovL3d3dy53My5vcmcvMjAwMC9zdmciPjwvc3ZnPg==\" style=\"--smush-placeholder-width: 773px; --smush-placeholder-aspect-ratio: 773\/1024;\"><figcaption>Micha\u0142 Gruchalski, zawodnik forBET W\u0142\u00f3kniarz Cz\u0119stochowa<\/figcaption><\/figure>\n\n\n\n<p>W kro\u015bnie\u0144skich eliminacjach\u00a0<strong><em>Gruchalski<\/em><\/strong>\u00a0dopiero w biegu dodatkowym wywalczy\u0142 sobie awans do fina\u0142u Srebrnego Kasku. Cz\u0119stochowski junior zaj\u0105\u0142 ostatecznie 4. miejsce z dorobkiem 12 punkt\u00f3w. W tych samych zawodach startowa\u0142 r\u00f3wnie\u017c<em>\u00a0<\/em><strong><em>Mateusz \u015awidnicki<\/em>,<\/strong>\u00a0kt\u00f3ry zdoby\u0142 7 punkt\u00f3w i zosta\u0142 sklasyfikowany na 8. pozycji.\u00a0<br><br>Trzecie miejsce w eliminacjach na torze w Rawiczu zaj\u0105\u0142 z kolei\u00a0<strong><em>Jakub <\/em>Mi\u015bkowiak.<\/strong>\u00a0M\u0142odzie\u017cowiec W\u0142\u00f3kniarza zapisa\u0142 przy swoim nazwisku 12 punkt\u00f3w. Na \u00f3smej pozycji z dorobkiem 8 &#8222;oczek&#8221; sklasyfikowany zosta\u0142 natomiast\u00a0<strong><em>Bart\u0142omiej Kowalski.<\/em><\/strong><\/p>\n\n\n\n<p><br><\/p>\n","protected":false},"excerpt":{"rendered":"<p>M\u0142odzie\u017cowcy forBET W\u0142\u00f3kniarza Cz\u0119stochowa Micha\u0142 Gruchalski i Jakub Mi\u015bkowiak wywalczyli we wtorek, 16 kwietnia na torach w Kro\u015bnie i Rawiczu awanse do fina\u0142u Srebrnego<\/p>\n","protected":false},"author":3,"featured_media":2668,"comment_status":"open","ping_status":"open","sticky":false,"template":"","format":"standard","meta":{"_monsterinsights_skip_tracking":false,"_monsterinsights_sitenote_active":false,"_monsterinsights_sitenote_note":"","_monsterinsights_sitenote_category":0,"_uf_show_specific_survey":0,"_uf_disable_surveys":false,"footnotes":""},"categories":[3,5,2,7],"tags":[],"class_list":["post-2666","post","type-post","status-publish","format-standard","has-post-thumbnail","hentry","category-czestochowa-informacje","category-sport","category-wiadomosci","category-zuzel"],"_links":{"self":[{"href":"https:\/\/gazetaregionalna.com\/index.php?rest_route=\/wp\/v2\/posts\/2666","targetHints":{"allow":["GET"]}}],"collection":[{"href":"https:\/\/gazetaregionalna.com\/index.php?rest_route=\/wp\/v2\/posts"}],"about":[{"href":"https:\/\/gazetaregionalna.com\/index.php?rest_route=\/wp\/v2\/types\/post"}],"author":[{"embeddable":true,"href":"https:\/\/gazetaregionalna.com\/index.php?rest_route=\/wp\/v2\/users\/3"}],"replies":[{"embeddable":true,"href":"https:\/\/gazetaregionalna.com\/index.php?rest_route=%2Fwp%2Fv2%2Fcomments&post=2666"}],"version-history":[{"count":1,"href":"https:\/\/gazetaregionalna.com\/index.php?rest_route=\/wp\/v2\/posts\/2666\/revisions"}],"predecessor-version":[{"id":2669,"href":"https:\/\/gazetaregionalna.com\/index.php?rest_route=\/wp\/v2\/posts\/2666\/revisions\/2669"}],"wp:featuredmedia":[{"embeddable":true,"href":"https:\/\/gazetaregionalna.com\/index.php?rest_route=\/wp\/v2\/media\/2668"}],"wp:attachment":[{"href":"https:\/\/gazetaregionalna.com\/index.php?rest_route=%2Fwp%2Fv2%2Fmedia&parent=2666"}],"wp:term":[{"taxonomy":"category","embeddable":true,"href":"https:\/\/gazetaregionalna.com\/index.php?rest_route=%2Fwp%2Fv2%2Fcategories&post=2666"},{"taxonomy":"post_tag","embeddable":true,"href":"https:\/\/gazetaregionalna.com\/index.php?rest_route=%2Fwp%2Fv2%2Ftags&post=2666"}],"curies":[{"name":"wp","href":"https:\/\/api.w.org\/{rel}","templated":true}]}}