{"id":26656,"date":"2020-11-19T11:49:33","date_gmt":"2020-11-19T11:49:33","guid":{"rendered":"https:\/\/gazetaregionalna.com\/?p=26656"},"modified":"2020-11-19T11:51:50","modified_gmt":"2020-11-19T11:51:50","slug":"chron-dziecko","status":"publish","type":"post","link":"https:\/\/gazetaregionalna.com\/?p=26656","title":{"rendered":"Profilaktyczny spot \u201eChro\u0144 dziecko przed hejtem\u201d"},"content":{"rendered":"\n<h2 class=\"wp-block-heading\">Spot profilaktyczny <strong>\u201eChro\u0144 dziecko przed hejtem\u201d <\/strong>powsta\u0142 na zlecenie Ministerstwa Spraw Wewn\u0119trznych i Administracji w zwi\u0105zku z realizacj\u0105 <a href=\"https:\/\/razembezpieczniej.mswia.gov.pl\" class=\"rank-math-link\" target=\"_blank\" rel=\"noopener\">\u201eProgramu ograniczania przest\u0119pczo\u015bci i aspo\u0142ecznych zachowa\u0144 Razem Bezpieczniej im. W\u0142adys\u0142awa Stasiaka na lata 2018-2020\u201d<\/a>.<\/h2>\n\n\n\n<p><strong>Hejt<\/strong> \u2013 jest to forma obra\u017cania, publikowana w Internecie. Osoba hejtuj\u0105ca, cz\u0119sto pod pseudonimem, obra\u017ca w spos\u00f3b nienawistny. Wytyka wady i krytykuje inne osoby poprzez agresywne komentarze czy te\u017c wstawianie o\u015bmieszaj\u0105cych zdj\u0119\u0107 i filmik\u00f3w do Internetu. Takie zachowanie jest postrzegane jako cyberprzemoc i stalking.<\/p>\n\n\n\n<p>Od bardzo dawna taka forma nienawi\u015bci jest stosowana w Internecie\ni niestety z roku na rok coraz bardziej jest powszechna. Osoby nara\u017cone na ni\u0105\ncz\u0119sto zamykaj\u0105 si\u0119 w sobie i unikaj\u0105 otoczenia, nawet bliskich z rodziny. <\/p>\n\n\n\n<p>Konsekwencje takiego cyberataku mog\u0105 by\u0107 bardzo powa\u017cne, je\u015bli pomoc nie przyjdzie na czas. Cz\u0119sto atakowani potrzebuj\u0105 wsparcia psychologa, ale i to mo\u017ce nie pom\u00f3c. W najgorszych przypadkach m\u0142ode osoby wol\u0105 odebra\u0107 sobie \u017cycie.<\/p>\n\n\n\n<p>Akcja<strong> \u201eChro\u0144 dziecko przed hejtem\u201d<\/strong> ma pom\u00f3c w zapobieganiu hejtu w\u015br\u00f3d dzieci i m\u0142odzie\u017cy tym bardziej teraz, gdy z powodu pandemii maj\u0105 oni wi\u0119kszy dost\u0119p do medi\u00f3w. <\/p>\n\n\n\n<p>Spot jest te\u017c skierowany do rodzic\u00f3w, kt\u00f3rzy powinni zrozumie\u0107 powag\u0119 zagro\u017cenia. Jak przeciwdzia\u0142a\u0107 oraz jak pom\u00f3c gdy fala krytyki dosi\u0119gnie ich dziecko tego dowiedz\u0105 si\u0119 z filmiku.<\/p>\n\n\n\n<figure class=\"wp-block-video\"><video controls src=\"https:\/\/gazetaregionalna.com\/wp-content\/uploads\/2020\/11\/40-636725.mp4\"><\/video><figcaption>Film: Policja \u015al\u0105ska<\/figcaption><\/figure>\n","protected":false},"excerpt":{"rendered":"<p>Spot profilaktyczny \u201eChro\u0144 dziecko przed hejtem\u201d powsta\u0142 na zlecenie Ministerstwa Spraw Wewn\u0119trznych i Administracji w zwi\u0105zku z realizacj\u0105 \u201eProgramu ograniczania przest\u0119pczo\u015bci i aspo\u0142ecznych zachowa\u0144<\/p>\n","protected":false},"author":12,"featured_media":26659,"comment_status":"open","ping_status":"open","sticky":false,"template":"","format":"standard","meta":{"_monsterinsights_skip_tracking":false,"_monsterinsights_sitenote_active":false,"_monsterinsights_sitenote_note":"","_monsterinsights_sitenote_category":0,"_uf_show_specific_survey":0,"_uf_disable_surveys":false,"footnotes":""},"categories":[44,3,27,25,26,94,28,2],"tags":[],"class_list":["post-26656","post","type-post","status-publish","format-standard","has-post-thumbnail","hentry","category-bezpieczenstwo","category-czestochowa-informacje","category-klobuck-informacje","category-lubliniec","category-myszkow","category-polecane","category-radomsko","category-wiadomosci"],"_links":{"self":[{"href":"https:\/\/gazetaregionalna.com\/index.php?rest_route=\/wp\/v2\/posts\/26656","targetHints":{"allow":["GET"]}}],"collection":[{"href":"https:\/\/gazetaregionalna.com\/index.php?rest_route=\/wp\/v2\/posts"}],"about":[{"href":"https:\/\/gazetaregionalna.com\/index.php?rest_route=\/wp\/v2\/types\/post"}],"author":[{"embeddable":true,"href":"https:\/\/gazetaregionalna.com\/index.php?rest_route=\/wp\/v2\/users\/12"}],"replies":[{"embeddable":true,"href":"https:\/\/gazetaregionalna.com\/index.php?rest_route=%2Fwp%2Fv2%2Fcomments&post=26656"}],"version-history":[{"count":3,"href":"https:\/\/gazetaregionalna.com\/index.php?rest_route=\/wp\/v2\/posts\/26656\/revisions"}],"predecessor-version":[{"id":26661,"href":"https:\/\/gazetaregionalna.com\/index.php?rest_route=\/wp\/v2\/posts\/26656\/revisions\/26661"}],"wp:featuredmedia":[{"embeddable":true,"href":"https:\/\/gazetaregionalna.com\/index.php?rest_route=\/wp\/v2\/media\/26659"}],"wp:attachment":[{"href":"https:\/\/gazetaregionalna.com\/index.php?rest_route=%2Fwp%2Fv2%2Fmedia&parent=26656"}],"wp:term":[{"taxonomy":"category","embeddable":true,"href":"https:\/\/gazetaregionalna.com\/index.php?rest_route=%2Fwp%2Fv2%2Fcategories&post=26656"},{"taxonomy":"post_tag","embeddable":true,"href":"https:\/\/gazetaregionalna.com\/index.php?rest_route=%2Fwp%2Fv2%2Ftags&post=26656"}],"curies":[{"name":"wp","href":"https:\/\/api.w.org\/{rel}","templated":true}]}}