{"id":26609,"date":"2020-11-19T10:00:57","date_gmt":"2020-11-19T10:00:57","guid":{"rendered":"https:\/\/gazetaregionalna.com\/?p=26609"},"modified":"2020-11-19T10:00:59","modified_gmt":"2020-11-19T10:00:59","slug":"wykonano-nowa-zatoke","status":"publish","type":"post","link":"https:\/\/gazetaregionalna.com\/?p=26609","title":{"rendered":"W Zawadzie wykonano now\u0105 zatok\u0119 autobusow\u0105"},"content":{"rendered":"\n<h2 class=\"wp-block-heading\">W miejscowo\u015bci Zawada, Gmina K\u0142omnice, 6 listopada 2020 roku\nodebrana zosta\u0142a nowo wykonana zatoka autobusowa.<\/h2>\n\n\n\n<p>Jest to kolejna inwestycja, kt\u00f3ra podkre\u015bla jak bardzo\ndobrze i efektywnie Powiat Cz\u0119stochowski wsp\u00f3\u0142pracuje z lokalnymi samorz\u0105dami\ngminnymi na rzecz podnoszenia bezpiecze\u0144stwa uczestnik\u00f3w ruchu drogowego. <\/p>\n\n\n\n<p>W sk\u0142ad bezpiecze\u0144stwa na drogach poza dobr\u0105 jako\u015bci\u0105\nnawierzchni czy odpowiedni\u0105 szeroko\u015bci\u0105 wchodz\u0105 tak\u017ce obiekty zwi\u0105zane z\nprowadzeniem i utrzymaniem ruchu.<\/p>\n\n\n\n<figure class=\"wp-block-image size-large\"><img decoding=\"async\" width=\"858\" height=\"646\" data-src=\"https:\/\/gazetaregionalna.com\/wp-content\/uploads\/2020\/11\/zatoka-autobusowa-2.png\" alt=\"\" class=\"wp-image-26620 lazyload\" data-srcset=\"https:\/\/gazetaregionalna.com\/wp-content\/uploads\/2020\/11\/zatoka-autobusowa-2.png 858w, https:\/\/gazetaregionalna.com\/wp-content\/uploads\/2020\/11\/zatoka-autobusowa-2-300x226.png 300w, https:\/\/gazetaregionalna.com\/wp-content\/uploads\/2020\/11\/zatoka-autobusowa-2-768x578.png 768w, https:\/\/gazetaregionalna.com\/wp-content\/uploads\/2020\/11\/zatoka-autobusowa-2-80x60.png 80w, https:\/\/gazetaregionalna.com\/wp-content\/uploads\/2020\/11\/zatoka-autobusowa-2-696x524.png 696w, https:\/\/gazetaregionalna.com\/wp-content\/uploads\/2020\/11\/zatoka-autobusowa-2-558x420.png 558w\" data-sizes=\"(max-width: 858px) 100vw, 858px\" src=\"data:image\/svg+xml;base64,PHN2ZyB3aWR0aD0iMSIgaGVpZ2h0PSIxIiB4bWxucz0iaHR0cDovL3d3dy53My5vcmcvMjAwMC9zdmciPjwvc3ZnPg==\" style=\"--smush-placeholder-width: 858px; --smush-placeholder-aspect-ratio: 858\/646;\" \/><figcaption>Fot: Powiat Cz\u0119stochowski<\/figcaption><\/figure>\n\n\n\n<p>Na pierwszy rzut oka przedmiotowa inwestycja nie jest\nspektakularna, ale cho\u0107by w kwestii powierzchniowej stanowi strategiczny element\ndrogi, na kt\u00f3rej kursuj\u0105 przewo\u017anicy \u015bwiadcz\u0105cy us\u0142ugi z zakresu transportu\nzbiorowego. <\/p>\n\n\n\n<p>Ca\u0142kowity koszt inwestycji wyni\u00f3s\u0142 <strong>158.043,13 z\u0142 brutto<\/strong>, kt\u00f3re w ramach porozumienia <strong>Powiat Cz\u0119stochowski<\/strong> oraz <strong>Gmina K\u0142omnice<\/strong> podzieli\u0142y mi\u0119dzy siebie po po\u0142owie.<\/p>\n\n\n\n<p>Zakres wykonanych prac:<\/p>\n\n\n\n<ul class=\"wp-block-list\"><li>Zatoka autobusowa z kostki granitowej &#8211; 120 m2;<\/li><li>Ci\u0105gi piesze\/peron autobusowy z kostki betonowej\n&#8211; 80,00 m2;<\/li><li>Nak\u0142adka bitumiczna &#8211; 192 m2.<\/li><\/ul>\n\n\n\n<p>Odbioru zatoki dokonali Starosta Cz\u0119stochowski Krzysztof Smela wraz z Wicestarost\u0105 Cz\u0119stochowskim Janem Miarzy\u0144skim.<\/p>\n\n\n\n<figure class=\"wp-block-image size-large\"><img decoding=\"async\" width=\"862\" height=\"648\" data-src=\"https:\/\/gazetaregionalna.com\/wp-content\/uploads\/2020\/11\/zatoka-autobusowa-1.png\" alt=\"\" class=\"wp-image-26619 lazyload\" data-srcset=\"https:\/\/gazetaregionalna.com\/wp-content\/uploads\/2020\/11\/zatoka-autobusowa-1.png 862w, https:\/\/gazetaregionalna.com\/wp-content\/uploads\/2020\/11\/zatoka-autobusowa-1-300x226.png 300w, https:\/\/gazetaregionalna.com\/wp-content\/uploads\/2020\/11\/zatoka-autobusowa-1-768x577.png 768w, https:\/\/gazetaregionalna.com\/wp-content\/uploads\/2020\/11\/zatoka-autobusowa-1-80x60.png 80w, https:\/\/gazetaregionalna.com\/wp-content\/uploads\/2020\/11\/zatoka-autobusowa-1-265x198.png 265w, https:\/\/gazetaregionalna.com\/wp-content\/uploads\/2020\/11\/zatoka-autobusowa-1-696x523.png 696w, https:\/\/gazetaregionalna.com\/wp-content\/uploads\/2020\/11\/zatoka-autobusowa-1-559x420.png 559w\" data-sizes=\"(max-width: 862px) 100vw, 862px\" src=\"data:image\/svg+xml;base64,PHN2ZyB3aWR0aD0iMSIgaGVpZ2h0PSIxIiB4bWxucz0iaHR0cDovL3d3dy53My5vcmcvMjAwMC9zdmciPjwvc3ZnPg==\" style=\"--smush-placeholder-width: 862px; --smush-placeholder-aspect-ratio: 862\/648;\" \/><figcaption>Fot: Powiat Cz\u0119stochowski<\/figcaption><\/figure>\n","protected":false},"excerpt":{"rendered":"<p>W miejscowo\u015bci Zawada, Gmina K\u0142omnice, 6 listopada 2020 roku odebrana zosta\u0142a nowo wykonana zatoka autobusowa. Jest to kolejna inwestycja, kt\u00f3ra podkre\u015bla jak bardzo dobrze<\/p>\n","protected":false},"author":12,"featured_media":26621,"comment_status":"open","ping_status":"open","sticky":false,"template":"","format":"standard","meta":{"_monsterinsights_skip_tracking":false,"_monsterinsights_sitenote_active":false,"_monsterinsights_sitenote_note":"","_monsterinsights_sitenote_category":0,"_uf_show_specific_survey":0,"_uf_disable_surveys":false,"footnotes":""},"categories":[33,20,3,94,4,2],"tags":[],"class_list":["post-26609","post","type-post","status-publish","format-standard","has-post-thumbnail","hentry","category-inwestycje","category-budownictwo","category-czestochowa-informacje","category-polecane","category-region","category-wiadomosci"],"_links":{"self":[{"href":"https:\/\/gazetaregionalna.com\/index.php?rest_route=\/wp\/v2\/posts\/26609","targetHints":{"allow":["GET"]}}],"collection":[{"href":"https:\/\/gazetaregionalna.com\/index.php?rest_route=\/wp\/v2\/posts"}],"about":[{"href":"https:\/\/gazetaregionalna.com\/index.php?rest_route=\/wp\/v2\/types\/post"}],"author":[{"embeddable":true,"href":"https:\/\/gazetaregionalna.com\/index.php?rest_route=\/wp\/v2\/users\/12"}],"replies":[{"embeddable":true,"href":"https:\/\/gazetaregionalna.com\/index.php?rest_route=%2Fwp%2Fv2%2Fcomments&post=26609"}],"version-history":[{"count":2,"href":"https:\/\/gazetaregionalna.com\/index.php?rest_route=\/wp\/v2\/posts\/26609\/revisions"}],"predecessor-version":[{"id":26624,"href":"https:\/\/gazetaregionalna.com\/index.php?rest_route=\/wp\/v2\/posts\/26609\/revisions\/26624"}],"wp:featuredmedia":[{"embeddable":true,"href":"https:\/\/gazetaregionalna.com\/index.php?rest_route=\/wp\/v2\/media\/26621"}],"wp:attachment":[{"href":"https:\/\/gazetaregionalna.com\/index.php?rest_route=%2Fwp%2Fv2%2Fmedia&parent=26609"}],"wp:term":[{"taxonomy":"category","embeddable":true,"href":"https:\/\/gazetaregionalna.com\/index.php?rest_route=%2Fwp%2Fv2%2Fcategories&post=26609"},{"taxonomy":"post_tag","embeddable":true,"href":"https:\/\/gazetaregionalna.com\/index.php?rest_route=%2Fwp%2Fv2%2Ftags&post=26609"}],"curies":[{"name":"wp","href":"https:\/\/api.w.org\/{rel}","templated":true}]}}