{"id":26475,"date":"2020-11-18T08:42:52","date_gmt":"2020-11-18T08:42:52","guid":{"rendered":"https:\/\/gazetaregionalna.com\/?p=26475"},"modified":"2020-11-18T08:42:55","modified_gmt":"2020-11-18T08:42:55","slug":"czasowo-zamkniety","status":"publish","type":"post","link":"https:\/\/gazetaregionalna.com\/?p=26475","title":{"rendered":"Uwaga! W \u017barkach Letnisku czasowo zamkni\u0119ty przejazd kolejowy"},"content":{"rendered":"\n<p>Jak informuje przedsi\u0119biorstwo ZUE S.A., wykonawca prac remontowo\nbudowlanych, z powodu prowadzonych rob\u00f3t modernizacyjnych na linii kolejowej nr 1, na\nodcinku Cz\u0119stochowa \u2013 Zawiercie przejazd kolejowy w \u017barkach Letnisku b\u0119dzie czasowo\nzamkni\u0119ty.<\/p>\n\n\n\n<p>Zamkni\u0119cie\nnast\u0105pi w ci\u0105gu ul. Nadrzecznej od dnia 20.11.2020 roku od godz. 8:00 do\n23.11.2020 roku do godz. 17:00.&nbsp;<\/p>\n\n\n\n<p>Za utrudnienia wykonawca prac przeprasza.<\/p>\n\n\n\n<figure class=\"wp-block-image size-large\"><img decoding=\"async\" width=\"849\" height=\"875\" data-src=\"https:\/\/gazetaregionalna.com\/wp-content\/uploads\/2020\/11\/przejazd-kolejowo-drogowy-Zarki-Letnisko-1.jpg\" alt=\"\" class=\"wp-image-26482 lazyload\" data-srcset=\"https:\/\/gazetaregionalna.com\/wp-content\/uploads\/2020\/11\/przejazd-kolejowo-drogowy-Zarki-Letnisko-1.jpg 849w, https:\/\/gazetaregionalna.com\/wp-content\/uploads\/2020\/11\/przejazd-kolejowo-drogowy-Zarki-Letnisko-1-291x300.jpg 291w, https:\/\/gazetaregionalna.com\/wp-content\/uploads\/2020\/11\/przejazd-kolejowo-drogowy-Zarki-Letnisko-1-768x792.jpg 768w, https:\/\/gazetaregionalna.com\/wp-content\/uploads\/2020\/11\/przejazd-kolejowo-drogowy-Zarki-Letnisko-1-696x717.jpg 696w, https:\/\/gazetaregionalna.com\/wp-content\/uploads\/2020\/11\/przejazd-kolejowo-drogowy-Zarki-Letnisko-1-408x420.jpg 408w\" data-sizes=\"(max-width: 849px) 100vw, 849px\" src=\"data:image\/svg+xml;base64,PHN2ZyB3aWR0aD0iMSIgaGVpZ2h0PSIxIiB4bWxucz0iaHR0cDovL3d3dy53My5vcmcvMjAwMC9zdmciPjwvc3ZnPg==\" style=\"--smush-placeholder-width: 849px; --smush-placeholder-aspect-ratio: 849\/875;\" \/><figcaption>Fot: Gmina Poraj<\/figcaption><\/figure>\n","protected":false},"excerpt":{"rendered":"<p>Jak informuje przedsi\u0119biorstwo ZUE S.A., wykonawca prac remontowo budowlanych, z powodu prowadzonych rob\u00f3t modernizacyjnych na linii kolejowej nr 1, na odcinku Cz\u0119stochowa \u2013 Zawiercie<\/p>\n","protected":false},"author":12,"featured_media":16207,"comment_status":"open","ping_status":"open","sticky":false,"template":"","format":"standard","meta":{"_monsterinsights_skip_tracking":false,"_monsterinsights_sitenote_active":false,"_monsterinsights_sitenote_note":"","_monsterinsights_sitenote_category":0,"_uf_show_specific_survey":0,"_uf_disable_surveys":false,"footnotes":""},"categories":[94,26,2],"tags":[],"class_list":["post-26475","post","type-post","status-publish","format-standard","has-post-thumbnail","hentry","category-polecane","category-myszkow","category-wiadomosci"],"_links":{"self":[{"href":"https:\/\/gazetaregionalna.com\/index.php?rest_route=\/wp\/v2\/posts\/26475","targetHints":{"allow":["GET"]}}],"collection":[{"href":"https:\/\/gazetaregionalna.com\/index.php?rest_route=\/wp\/v2\/posts"}],"about":[{"href":"https:\/\/gazetaregionalna.com\/index.php?rest_route=\/wp\/v2\/types\/post"}],"author":[{"embeddable":true,"href":"https:\/\/gazetaregionalna.com\/index.php?rest_route=\/wp\/v2\/users\/12"}],"replies":[{"embeddable":true,"href":"https:\/\/gazetaregionalna.com\/index.php?rest_route=%2Fwp%2Fv2%2Fcomments&post=26475"}],"version-history":[{"count":2,"href":"https:\/\/gazetaregionalna.com\/index.php?rest_route=\/wp\/v2\/posts\/26475\/revisions"}],"predecessor-version":[{"id":26483,"href":"https:\/\/gazetaregionalna.com\/index.php?rest_route=\/wp\/v2\/posts\/26475\/revisions\/26483"}],"wp:featuredmedia":[{"embeddable":true,"href":"https:\/\/gazetaregionalna.com\/index.php?rest_route=\/wp\/v2\/media\/16207"}],"wp:attachment":[{"href":"https:\/\/gazetaregionalna.com\/index.php?rest_route=%2Fwp%2Fv2%2Fmedia&parent=26475"}],"wp:term":[{"taxonomy":"category","embeddable":true,"href":"https:\/\/gazetaregionalna.com\/index.php?rest_route=%2Fwp%2Fv2%2Fcategories&post=26475"},{"taxonomy":"post_tag","embeddable":true,"href":"https:\/\/gazetaregionalna.com\/index.php?rest_route=%2Fwp%2Fv2%2Ftags&post=26475"}],"curies":[{"name":"wp","href":"https:\/\/api.w.org\/{rel}","templated":true}]}}