{"id":26410,"date":"2020-11-17T12:11:10","date_gmt":"2020-11-17T12:11:10","guid":{"rendered":"https:\/\/gazetaregionalna.com\/?p=26410"},"modified":"2020-11-17T12:11:12","modified_gmt":"2020-11-17T12:11:12","slug":"nowa-karetke","status":"publish","type":"post","link":"https:\/\/gazetaregionalna.com\/?p=26410","title":{"rendered":"Szpital Powiatowy w Lubli\u0144cu otrzyma\u0142 now\u0105 karetk\u0119"},"content":{"rendered":"\n<h2 class=\"wp-block-heading\">Szpital Powiatowy w Lubli\u0144cu otrzyma\u0142 wczoraj now\u0105 karetk\u0119,\nkt\u00f3ra w tak trudnym czasie zasili transport sanitarny szpitala.<\/h2>\n\n\n\n<p>Nowy ambulans \u2013 Renault Master, kosztowa\u0142 457 tys. z\u0142., z czego 80%\nkwoty pochodzi z bud\u017cetu Urz\u0119du Marsza\u0142kowskiego, a reszta 20% sfinansowana zosta\u0142a\nz bud\u017cetu powiatu lublinieckiego.<\/p>\n\n\n\n<p>Karetka\nzosta\u0142a kupiona w ramach udzielonej dotacji celowej Urz\u0119du Marsza\u0142kowskiego\n&nbsp;na sfinansowanie zada\u0144 w\u0142asnych w zwi\u0105zku z zapobieganiem,\nprzeciwdzia\u0142aniem i zwalczaniem COVID-19, innych chor\u00f3b zaka\u017anych oraz\nwywo\u0142anych nimi sytuacji kryzysowych. <\/p>\n\n\n\n<p>W\njej sk\u0142adzie opr\u00f3cz podstawowego wyposa\u017cenia znalaz\u0142 si\u0119 respirator,\ndefibrylator i ssak.<\/p>\n\n\n\n<figure class=\"wp-block-image size-large\"><img decoding=\"async\" width=\"800\" height=\"600\" data-src=\"https:\/\/gazetaregionalna.com\/wp-content\/uploads\/2020\/11\/karetka-1.jpeg\" alt=\"\" class=\"wp-image-26412 lazyload\" data-srcset=\"https:\/\/gazetaregionalna.com\/wp-content\/uploads\/2020\/11\/karetka-1.jpeg 800w, https:\/\/gazetaregionalna.com\/wp-content\/uploads\/2020\/11\/karetka-1-300x225.jpeg 300w, https:\/\/gazetaregionalna.com\/wp-content\/uploads\/2020\/11\/karetka-1-768x576.jpeg 768w, https:\/\/gazetaregionalna.com\/wp-content\/uploads\/2020\/11\/karetka-1-80x60.jpeg 80w, https:\/\/gazetaregionalna.com\/wp-content\/uploads\/2020\/11\/karetka-1-265x198.jpeg 265w, https:\/\/gazetaregionalna.com\/wp-content\/uploads\/2020\/11\/karetka-1-696x522.jpeg 696w, https:\/\/gazetaregionalna.com\/wp-content\/uploads\/2020\/11\/karetka-1-560x420.jpeg 560w\" data-sizes=\"(max-width: 800px) 100vw, 800px\" src=\"data:image\/svg+xml;base64,PHN2ZyB3aWR0aD0iMSIgaGVpZ2h0PSIxIiB4bWxucz0iaHR0cDovL3d3dy53My5vcmcvMjAwMC9zdmciPjwvc3ZnPg==\" style=\"--smush-placeholder-width: 800px; --smush-placeholder-aspect-ratio: 800\/600;\" \/><figcaption>Fot: Starostwo Powiatowe w Lubli\u0144cu<\/figcaption><\/figure>\n\n\n\n<p>Dofinansowanie\nna potrzeby szpitala (konkretnie na transport medyczny i wyposa\u017cenie Izby\nPrzyj\u0119\u0107) w kwocie 624 000 z\u0142 Powiat Lubliniecki otrzyma\u0142 z solidarno\u015bciowego\nprogramu wsparcia powiat\u00f3w i miast na prawach powiatu wojew\u00f3dztwa \u015bl\u0105skiego w\nzakresie ochrony zdrowia. <\/p>\n\n\n\n<p>Za cz\u0119\u015b\u0107 tej kwoty zakupiona zosta\u0142a karetka, reszta natomiast zostanie wydatkowana na m.in. modernizacj\u0119 klimatyzacji i wentylacji mechanicznej w budynku Izby Przyj\u0119\u0107. Poza tym zakupiony zostanie agregat pr\u0105dotw\u00f3rczy wyposa\u017cenie medyczne dla potrzeb Izby Przyj\u0119\u0107: w\u00f3zki transportowe, kardiomonitory, respiratory.<\/p>\n\n\n\n<p>[post_gallery]<\/p>\n\n\n\n<p>Fot: Starostwo Powiatowe w Lubli\u0144cu<\/p>\n","protected":false},"excerpt":{"rendered":"<p>Szpital Powiatowy w Lubli\u0144cu otrzyma\u0142 wczoraj now\u0105 karetk\u0119, kt\u00f3ra w tak trudnym czasie zasili transport sanitarny szpitala. Nowy ambulans \u2013 Renault Master, kosztowa\u0142 457<\/p>\n","protected":false},"author":12,"featured_media":26416,"comment_status":"open","ping_status":"open","sticky":false,"template":"","format":"standard","meta":{"_monsterinsights_skip_tracking":false,"_monsterinsights_sitenote_active":false,"_monsterinsights_sitenote_note":"","_monsterinsights_sitenote_category":0,"_uf_show_specific_survey":0,"_uf_disable_surveys":false,"footnotes":""},"categories":[94,25,2,37],"tags":[],"class_list":["post-26410","post","type-post","status-publish","format-standard","has-post-thumbnail","hentry","category-polecane","category-lubliniec","category-wiadomosci","category-zdrowie"],"_links":{"self":[{"href":"https:\/\/gazetaregionalna.com\/index.php?rest_route=\/wp\/v2\/posts\/26410","targetHints":{"allow":["GET"]}}],"collection":[{"href":"https:\/\/gazetaregionalna.com\/index.php?rest_route=\/wp\/v2\/posts"}],"about":[{"href":"https:\/\/gazetaregionalna.com\/index.php?rest_route=\/wp\/v2\/types\/post"}],"author":[{"embeddable":true,"href":"https:\/\/gazetaregionalna.com\/index.php?rest_route=\/wp\/v2\/users\/12"}],"replies":[{"embeddable":true,"href":"https:\/\/gazetaregionalna.com\/index.php?rest_route=%2Fwp%2Fv2%2Fcomments&post=26410"}],"version-history":[{"count":2,"href":"https:\/\/gazetaregionalna.com\/index.php?rest_route=\/wp\/v2\/posts\/26410\/revisions"}],"predecessor-version":[{"id":26417,"href":"https:\/\/gazetaregionalna.com\/index.php?rest_route=\/wp\/v2\/posts\/26410\/revisions\/26417"}],"wp:featuredmedia":[{"embeddable":true,"href":"https:\/\/gazetaregionalna.com\/index.php?rest_route=\/wp\/v2\/media\/26416"}],"wp:attachment":[{"href":"https:\/\/gazetaregionalna.com\/index.php?rest_route=%2Fwp%2Fv2%2Fmedia&parent=26410"}],"wp:term":[{"taxonomy":"category","embeddable":true,"href":"https:\/\/gazetaregionalna.com\/index.php?rest_route=%2Fwp%2Fv2%2Fcategories&post=26410"},{"taxonomy":"post_tag","embeddable":true,"href":"https:\/\/gazetaregionalna.com\/index.php?rest_route=%2Fwp%2Fv2%2Ftags&post=26410"}],"curies":[{"name":"wp","href":"https:\/\/api.w.org\/{rel}","templated":true}]}}