{"id":26371,"date":"2020-11-17T08:29:24","date_gmt":"2020-11-17T08:29:24","guid":{"rendered":"https:\/\/gazetaregionalna.com\/?p=26371"},"modified":"2020-11-17T08:29:26","modified_gmt":"2020-11-17T08:29:26","slug":"projektowanie","status":"publish","type":"post","link":"https:\/\/gazetaregionalna.com\/?p=26371","title":{"rendered":"W powiecie myszkowskim ruszy\u0142o projektowanie al. Wolno\u015bci i ul. Krasickiego"},"content":{"rendered":"\n<h2 class=\"wp-block-heading\">Wy\u0142oniona z przetargu firma<strong> \u201eGramar\u201d Sp. z o.o. z Lubli\u0144ca <\/strong>przygotowuje dokumentacj\u0119 na przebudow\u0119 drogi powiatowej mi\u0119dzy <strong>Gmin\u0105 Myszk\u00f3w<\/strong> a <strong>Gmin\u0105 Kozieg\u0142owy<\/strong>.<\/h2>\n\n\n\n<p>3\nlistopada 2020 roku odby\u0142o si\u0119 podpisanie umowy pomi\u0119dzy Powiatem Myszkowskim a\nGmin\u0105 Myszk\u00f3w i Gmin\u0105 Kozieg\u0142owy. Dotyczy ona wykonania dokumentacji\nprojektowej wraz ze sprawowaniem nadzoru autorskiego nad robotami\nbudowlanymi&nbsp; przebudowy drogi powiatowej.<\/p>\n\n\n\n<p>Projekt\nma obj\u0105\u0107 8,5 km odcinek od ronda w Post\u0119pie (gmina Kozieg\u0142owy) do ronda w\nMrzyg\u0142odzie (gmina Myszk\u00f3w) w&nbsp;ulicach: al. &nbsp;Wolno\u015bci, Krasickiego,\nPaderewskiego, Rynek, Krakowska i Zawiercka.<\/p>\n\n\n\n<p>Inwestycja\nprzewiduje budow\u0119:<\/p>\n\n\n\n<ul class=\"wp-block-list\"><li>Chodnika;<\/li><li>\u015acie\u017cki rowerowej;<\/li><li>Miejsc postojowych<\/li><\/ul>\n\n\n\n<p>oraz\nudro\u017cnienie row\u00f3w przydro\u017cnych. Zostan\u0105 tak\u017ce przebudowane mosty i mur oporowy.<\/p>\n\n\n\n<p>Najwa\u017cniejsza\njednak dla mieszka\u0144c\u00f3w b\u0119dzie przebudowa sieci wodoci\u0105gowej i budowa\nkanalizacji sanitarnej.<\/p>\n\n\n\n<p>Koszty przygotowania dokumentacji projektowej dot. \u201eBudowy kanalizacji sanitarnej oraz budowy i przebudowy infrastruktury w ci\u0105gu dr\u00f3g ul. al. Wolno\u015bci i Krasickiego\u201d pokryje Gmina Myszk\u00f3w w wysoko\u015bci\u00a0<strong>111.930,00 z\u0142<\/strong>.<\/p>\n\n\n\n<p>Ca\u0142kowity koszt umowy to <strong>848.700,00 z\u0142<\/strong>. Termin wykonania dokumentacji mija 30 listopada 2021 roku.\u00a0\u00a0<\/p>\n","protected":false},"excerpt":{"rendered":"<p>Wy\u0142oniona z przetargu firma \u201eGramar\u201d Sp. z o.o. z Lubli\u0144ca przygotowuje dokumentacj\u0119 na przebudow\u0119 drogi powiatowej mi\u0119dzy Gmin\u0105 Myszk\u00f3w a Gmin\u0105 Kozieg\u0142owy. 3 listopada<\/p>\n","protected":false},"author":12,"featured_media":26376,"comment_status":"open","ping_status":"open","sticky":false,"template":"","format":"standard","meta":{"_monsterinsights_skip_tracking":false,"_monsterinsights_sitenote_active":false,"_monsterinsights_sitenote_note":"","_monsterinsights_sitenote_category":0,"_uf_show_specific_survey":0,"_uf_disable_surveys":false,"footnotes":""},"categories":[33,26,94,2],"tags":[],"class_list":["post-26371","post","type-post","status-publish","format-standard","has-post-thumbnail","hentry","category-inwestycje","category-myszkow","category-polecane","category-wiadomosci"],"_links":{"self":[{"href":"https:\/\/gazetaregionalna.com\/index.php?rest_route=\/wp\/v2\/posts\/26371","targetHints":{"allow":["GET"]}}],"collection":[{"href":"https:\/\/gazetaregionalna.com\/index.php?rest_route=\/wp\/v2\/posts"}],"about":[{"href":"https:\/\/gazetaregionalna.com\/index.php?rest_route=\/wp\/v2\/types\/post"}],"author":[{"embeddable":true,"href":"https:\/\/gazetaregionalna.com\/index.php?rest_route=\/wp\/v2\/users\/12"}],"replies":[{"embeddable":true,"href":"https:\/\/gazetaregionalna.com\/index.php?rest_route=%2Fwp%2Fv2%2Fcomments&post=26371"}],"version-history":[{"count":1,"href":"https:\/\/gazetaregionalna.com\/index.php?rest_route=\/wp\/v2\/posts\/26371\/revisions"}],"predecessor-version":[{"id":26374,"href":"https:\/\/gazetaregionalna.com\/index.php?rest_route=\/wp\/v2\/posts\/26371\/revisions\/26374"}],"wp:featuredmedia":[{"embeddable":true,"href":"https:\/\/gazetaregionalna.com\/index.php?rest_route=\/wp\/v2\/media\/26376"}],"wp:attachment":[{"href":"https:\/\/gazetaregionalna.com\/index.php?rest_route=%2Fwp%2Fv2%2Fmedia&parent=26371"}],"wp:term":[{"taxonomy":"category","embeddable":true,"href":"https:\/\/gazetaregionalna.com\/index.php?rest_route=%2Fwp%2Fv2%2Fcategories&post=26371"},{"taxonomy":"post_tag","embeddable":true,"href":"https:\/\/gazetaregionalna.com\/index.php?rest_route=%2Fwp%2Fv2%2Ftags&post=26371"}],"curies":[{"name":"wp","href":"https:\/\/api.w.org\/{rel}","templated":true}]}}