{"id":26336,"date":"2020-11-16T15:54:59","date_gmt":"2020-11-16T15:54:59","guid":{"rendered":"https:\/\/gazetaregionalna.com\/?p=26336"},"modified":"2020-11-16T15:55:01","modified_gmt":"2020-11-16T15:55:01","slug":"roboty-budowlane","status":"publish","type":"post","link":"https:\/\/gazetaregionalna.com\/?p=26336","title":{"rendered":"Na drogach lokalnych Gminy Olsztyn rozpocz\u0119\u0142y si\u0119 roboty budowlane"},"content":{"rendered":"\n<h2 class=\"wp-block-heading\">Na drogach lokalnych Gminy Olsztyn rozpocz\u0119\u0142y si\u0119 roboty budowlane. Wykonawc\u0105 prac jest wy\u0142oniona z przetargu firma <strong>RAFALIN<\/strong>,<strong> <\/strong>kt\u00f3ra w chwili obecnej ju\u017c prowadzi roboty w r\u00f3\u017cnych cz\u0119\u015bciach gminy.<\/h2>\n\n\n\n<p>Tak wi\u0119c w:<\/p>\n\n\n\n<ul class=\"wp-block-list\"><li><strong>Zr\u0119bicach<\/strong>\npowstaje ulica Le\u015bna. B\u0119dzie to asfaltowa droga dojazdowa do grunt\u00f3w rolnych o\nd\u0142ugo\u015bci 880 m i szeroko\u015bci 4,5 m. Pieni\u0105dze na jej budow\u0119 pochodz\u0105 z Funduszu\nOchrony Grunt\u00f3w Rolnych (FOGR);<\/li><li><strong>Kusi\u0119tach<\/strong>\nstare drogi lokalne dostaj\u0105 drugie \u017cycie. \u201eCzarna Droga\u201d, czyli nawierzchnia\nbitumiczna powstaje na odcinku od drogi powiatowej do wiaduktu nad torami PKP o d\u0142ugo\u015bci 260 m. Z\nkruszywa o d\u0142ugo\u015bci 150 m powstaje w kierunku stawu oraz tzw. droga \u201ePrzy\nlesie\u201d \u2013 360 m r\u00f3wnie\u017c z kruszywa. Obie drogi po remoncie b\u0119d\u0105 mia\u0142y szeroko\u015b\u0107\n4 m (wcze\u015bniej gmina przekszta\u0142ci\u0142a teren dojazdowy w planie miejscowym w drog\u0119\ni naby\u0142a j\u0105 od Las\u00f3w Pa\u0144stwowych). Dodatkowo na ul. Szkolnej zosta\u0142 u\u0142o\u017cony kraw\u0119\u017cnik,\nkt\u00f3rego funkcj\u0105 b\u0119dzie lepsze odprowadzanie wody;<\/li><li><strong>Olsztynie<\/strong> przy ul. Norwida \u2013\nniwelacja terenu i odwodnienie. Na ul. G\u00f3rzystej, przy wlocie z DK-46, na\npocz\u0105tkowym odcinku ulicy uk\u0142adany jest kraw\u0119\u017cnik;<\/li><li><strong>Biskupicach<\/strong> ul. Choro\u0144ska zostanie\nprzed\u0142u\u017cona o 600 m w kierunku teren\u00f3w zabudowanych.<\/li><\/ul>\n\n\n\n<figure class=\"wp-block-image size-large\"><img decoding=\"async\" width=\"1024\" height=\"768\" data-src=\"https:\/\/gazetaregionalna.com\/wp-content\/uploads\/2020\/11\/inwestycja-dorogowa-3-1024x768.jpg\" alt=\"\" class=\"wp-image-26340 lazyload\" data-srcset=\"https:\/\/gazetaregionalna.com\/wp-content\/uploads\/2020\/11\/inwestycja-dorogowa-3-1024x768.jpg 1024w, https:\/\/gazetaregionalna.com\/wp-content\/uploads\/2020\/11\/inwestycja-dorogowa-3-300x225.jpg 300w, https:\/\/gazetaregionalna.com\/wp-content\/uploads\/2020\/11\/inwestycja-dorogowa-3-768x576.jpg 768w, https:\/\/gazetaregionalna.com\/wp-content\/uploads\/2020\/11\/inwestycja-dorogowa-3-1536x1152.jpg 1536w, https:\/\/gazetaregionalna.com\/wp-content\/uploads\/2020\/11\/inwestycja-dorogowa-3-80x60.jpg 80w, https:\/\/gazetaregionalna.com\/wp-content\/uploads\/2020\/11\/inwestycja-dorogowa-3-265x198.jpg 265w, https:\/\/gazetaregionalna.com\/wp-content\/uploads\/2020\/11\/inwestycja-dorogowa-3-696x522.jpg 696w, https:\/\/gazetaregionalna.com\/wp-content\/uploads\/2020\/11\/inwestycja-dorogowa-3-1068x801.jpg 1068w, https:\/\/gazetaregionalna.com\/wp-content\/uploads\/2020\/11\/inwestycja-dorogowa-3-560x420.jpg 560w, https:\/\/gazetaregionalna.com\/wp-content\/uploads\/2020\/11\/inwestycja-dorogowa-3.jpg 1200w\" data-sizes=\"(max-width: 1024px) 100vw, 1024px\" src=\"data:image\/svg+xml;base64,PHN2ZyB3aWR0aD0iMSIgaGVpZ2h0PSIxIiB4bWxucz0iaHR0cDovL3d3dy53My5vcmcvMjAwMC9zdmciPjwvc3ZnPg==\" style=\"--smush-placeholder-width: 1024px; --smush-placeholder-aspect-ratio: 1024\/768;\" \/><figcaption>Fot: Gmina Olsztyn<\/figcaption><\/figure>\n\n\n\n<p>Ca\u0142kowity koszt remontu dr\u00f3g gminnych to ponad 740 tys. z\u0142, kt\u00f3re Gmina Olsztyn finansuje z w\u0142asnych \u015brodk\u00f3w. Wyj\u0105tkiem jest Gmina Zr\u0119bice, kt\u00f3ra na remont ul. Le\u015bnej (360 tys. z\u0142) otrzyma\u0142a dofinansowanie w ramach Funduszu Ochrony Grunt\u00f3w Rolnych z Urz\u0119du Marsza\u0142kowskiego Wojew\u00f3dztwa \u015al\u0105skiego w wysoko\u015bci \u00a0220 tys. z\u0142.<\/p>\n\n\n\n<figure class=\"wp-block-image size-large\"><img decoding=\"async\" width=\"1024\" height=\"768\" data-src=\"https:\/\/gazetaregionalna.com\/wp-content\/uploads\/2020\/11\/inwestycja-dorogowa-1-1024x768.jpg\" alt=\"\" class=\"wp-image-26338 lazyload\" data-srcset=\"https:\/\/gazetaregionalna.com\/wp-content\/uploads\/2020\/11\/inwestycja-dorogowa-1-1024x768.jpg 1024w, https:\/\/gazetaregionalna.com\/wp-content\/uploads\/2020\/11\/inwestycja-dorogowa-1-300x225.jpg 300w, https:\/\/gazetaregionalna.com\/wp-content\/uploads\/2020\/11\/inwestycja-dorogowa-1-768x576.jpg 768w, https:\/\/gazetaregionalna.com\/wp-content\/uploads\/2020\/11\/inwestycja-dorogowa-1-1536x1152.jpg 1536w, https:\/\/gazetaregionalna.com\/wp-content\/uploads\/2020\/11\/inwestycja-dorogowa-1-80x60.jpg 80w, https:\/\/gazetaregionalna.com\/wp-content\/uploads\/2020\/11\/inwestycja-dorogowa-1-265x198.jpg 265w, https:\/\/gazetaregionalna.com\/wp-content\/uploads\/2020\/11\/inwestycja-dorogowa-1-696x522.jpg 696w, https:\/\/gazetaregionalna.com\/wp-content\/uploads\/2020\/11\/inwestycja-dorogowa-1-1068x801.jpg 1068w, https:\/\/gazetaregionalna.com\/wp-content\/uploads\/2020\/11\/inwestycja-dorogowa-1-560x420.jpg 560w, https:\/\/gazetaregionalna.com\/wp-content\/uploads\/2020\/11\/inwestycja-dorogowa-1.jpg 1200w\" data-sizes=\"(max-width: 1024px) 100vw, 1024px\" src=\"data:image\/svg+xml;base64,PHN2ZyB3aWR0aD0iMSIgaGVpZ2h0PSIxIiB4bWxucz0iaHR0cDovL3d3dy53My5vcmcvMjAwMC9zdmciPjwvc3ZnPg==\" style=\"--smush-placeholder-width: 1024px; --smush-placeholder-aspect-ratio: 1024\/768;\" \/><figcaption>Fot: Gmina Olsztyn<\/figcaption><\/figure>\n\n\n\n<p>To\njednak nie wszystkie inwestycje. W Gminie Olsztyn dobiegaj\u0105 ko\u0144ca prace drogowe\nw:<\/p>\n\n\n\n<ul class=\"wp-block-list\"><li><strong>Zr\u0119bicach<\/strong>. Ko\u0144cz\u0105 si\u0119 tu prace brukarskie na ul. Ko\u015bcielnej i\nSosnowej, naprzeciwko zabytkowego ko\u015bcio\u0142a, o \u0142\u0105cznej d\u0142ugo\u015bci 360 m.\nZainstalowane zosta\u0142o tak\u017ce drogowe o\u015bwietlenie ledowe. Koszt inwestycji to\nponad 460 tys. z\u0142.<\/li><li><strong>Olsztynie<\/strong>. Powoli ko\u0144czy si\u0119 budowa po\u0142\u0105czonych \u015bcie\u017cek rowerowych na\nul. K\u00fchna. W tym miejscu powstaje interaktywne przej\u015bcie dla pieszych i bezpieczny\nprzejazd dla rowerzyst\u00f3w z jednej na drug\u0105 stron\u0119 jezdni. Koszt inwestycji to\nponad 152 tys. z\u0142, z czego po\u0142ow\u0119 finansuje Starostwo Powiatowe w Cz\u0119stochowie.<\/li><\/ul>\n\n\n\n<p>Trwaj\u0105ce\nprace odbywaj\u0105 si\u0119 tak\u017ce na ul. Paderewskiego, gdzie Przedsi\u0119biorstwo\nWodoci\u0105g\u00f3w i Kanalizacji Okr\u0119gu Cz\u0119stochowskiego wymienia star\u0105 instalacj\u0119\nwodoci\u0105gu. Wed\u0142ug projektu ulica ta b\u0119dzie jednokierunkowa, ruch b\u0119dzie si\u0119\nodbywa\u0142 tylko w stron\u0119 ul. Ko\u015bcielnej. W przysz\u0142ym roku planowana jest budowa\nulic Paderewskiego i Cichej.<\/p>\n\n\n\n<p>Gmina\nOlsztyn dalej nie zwalnia tempa. Ju\u017c niebawem zostanie rozstrzygni\u0119ty przetarg\nna przebudow\u0119 ul. Po\u0142udniowej w Turowie, kt\u00f3ra b\u0119dzie dofinansowana w ramach\nkonkursu wojew\u00f3dzkiego z Funduszu Dr\u00f3g Samorz\u0105dowych.<\/p>\n\n\n\n<p>Natomiast\nw Zr\u0119bicach powstanie trasa rowerowa, na kt\u00f3r\u0105 zosta\u0142 ju\u017c wy\u0142oniony w przetargu\nwykonawca. <br>\n\u2013 <em>\u201ePod koniec miesi\u0105ca b\u0119dziemy chcieli\nju\u017c podpisa\u0107 umow\u0119 z wybranym w przetargu wykonawc\u0105 na realizacj\u0119 trasy\nrowerowej przez ca\u0142e Zr\u0119bice i Krasaw\u0119 w kierunku Suliszowic i Jaroszowa na\nterenie gminy \u017barki\u201d<\/em> \u2013 zapowiada Tomasz Kucharski, w\u00f3jt Gminy Olsztyn.<\/p>\n\n\n\n<p>Inwestycja,\ndzi\u0119ki wygraniu konkursu wojew\u00f3dzkiego przez wniosek z\u0142o\u017cony wsp\u00f3lnie przez\nGmin\u0119 Olsztyn (lider) oraz Miasto i Gmin\u0119 \u017barki, b\u0119dzie finansowana w 85\nprocentach ze \u015brodk\u00f3w unijnych, pozyskanych z Urz\u0119du Marsza\u0142kowskiego\nWojew\u00f3dztwa \u015al\u0105skiego.<\/p>\n\n\n\n<p>Kolejna umowa zostanie tak\u017ce niebawem podpisana\u00a0 pomi\u0119dzy Powiatowym Zarz\u0105dem Dr\u00f3g w Cz\u0119stochowie a wy\u0142onionym w przetargu wykonawc\u0105, kt\u00f3ry wybuduje chodnik w Kusi\u0119tach. Gmina Olsztyn wsp\u00f3\u0142finansuje budow\u0119 w 50 procentach.<\/p>\n\n\n\n<p>Obecnie jest zlecenie na zaprojektowanie ulic S\u0142owackiego i Mi\u0142osza w Olsztynie oraz drogi za Urz\u0119dem Gminy w Olsztynie w kierunku ruin zamku wraz z parkingami i odwodnieniem.<\/p>\n\n\n\n<p>[post_gallery]<\/p>\n\n\n\n<p>Fot: Gmina Olsztyn<\/p>\n","protected":false},"excerpt":{"rendered":"<p>Na drogach lokalnych Gminy Olsztyn rozpocz\u0119\u0142y si\u0119 roboty budowlane. Wykonawc\u0105 prac jest wy\u0142oniona z przetargu firma RAFALIN, kt\u00f3ra w chwili obecnej ju\u017c prowadzi roboty<\/p>\n","protected":false},"author":12,"featured_media":26339,"comment_status":"open","ping_status":"open","sticky":false,"template":"","format":"standard","meta":{"_monsterinsights_skip_tracking":false,"_monsterinsights_sitenote_active":false,"_monsterinsights_sitenote_note":"","_monsterinsights_sitenote_category":0,"_uf_show_specific_survey":0,"_uf_disable_surveys":false,"footnotes":""},"categories":[20,3,33,18,94,4,2],"tags":[],"class_list":["post-26336","post","type-post","status-publish","format-standard","has-post-thumbnail","hentry","category-budownictwo","category-czestochowa-informacje","category-inwestycje","category-motoryzacja","category-polecane","category-region","category-wiadomosci"],"_links":{"self":[{"href":"https:\/\/gazetaregionalna.com\/index.php?rest_route=\/wp\/v2\/posts\/26336","targetHints":{"allow":["GET"]}}],"collection":[{"href":"https:\/\/gazetaregionalna.com\/index.php?rest_route=\/wp\/v2\/posts"}],"about":[{"href":"https:\/\/gazetaregionalna.com\/index.php?rest_route=\/wp\/v2\/types\/post"}],"author":[{"embeddable":true,"href":"https:\/\/gazetaregionalna.com\/index.php?rest_route=\/wp\/v2\/users\/12"}],"replies":[{"embeddable":true,"href":"https:\/\/gazetaregionalna.com\/index.php?rest_route=%2Fwp%2Fv2%2Fcomments&post=26336"}],"version-history":[{"count":2,"href":"https:\/\/gazetaregionalna.com\/index.php?rest_route=\/wp\/v2\/posts\/26336\/revisions"}],"predecessor-version":[{"id":26352,"href":"https:\/\/gazetaregionalna.com\/index.php?rest_route=\/wp\/v2\/posts\/26336\/revisions\/26352"}],"wp:featuredmedia":[{"embeddable":true,"href":"https:\/\/gazetaregionalna.com\/index.php?rest_route=\/wp\/v2\/media\/26339"}],"wp:attachment":[{"href":"https:\/\/gazetaregionalna.com\/index.php?rest_route=%2Fwp%2Fv2%2Fmedia&parent=26336"}],"wp:term":[{"taxonomy":"category","embeddable":true,"href":"https:\/\/gazetaregionalna.com\/index.php?rest_route=%2Fwp%2Fv2%2Fcategories&post=26336"},{"taxonomy":"post_tag","embeddable":true,"href":"https:\/\/gazetaregionalna.com\/index.php?rest_route=%2Fwp%2Fv2%2Ftags&post=26336"}],"curies":[{"name":"wp","href":"https:\/\/api.w.org\/{rel}","templated":true}]}}