{"id":26145,"date":"2020-11-14T14:01:37","date_gmt":"2020-11-14T14:01:37","guid":{"rendered":"https:\/\/gazetaregionalna.com\/?p=26145"},"modified":"2020-11-16T16:09:13","modified_gmt":"2020-11-16T16:09:13","slug":"skry-3","status":"publish","type":"post","link":"https:\/\/gazetaregionalna.com\/?p=26145","title":{"rendered":"Wygrana pi\u0142karzy 2-ligowej Skry w Siedlcach z Pogoni\u0105. S\u0105 3 punkty i prze\u0142amanie!"},"content":{"rendered":"\n<p>Pi\u0142karze Skry Cz\u0119stochowa w sobot\u0119 walczyli na trudnym terenie w Siedlcach z Pogoni\u0105. Wygrali za 3 punkty, cho\u0107 mogli wyjecha\u0107 tylko z 1, bo do 88. minuty by\u0142 remis&#8230;<\/p>\n\n\n\n<p>Zawodnicy Skry po dw\u00f3ch pora\u017ckach z Lechem II Pozna\u0144 i G\u00f3rnikiem Polkowice jechali do Siedlec z my\u015bl\u0105 o prze\u0142amaniu. Skra po golu <strong>Mariusza Holika<\/strong> obj\u0119\u0142a prowadzenie w 31. minucie. Podopieczni trenera <strong>Marka Go\u0142\u0119biewskiego<\/strong> utrzymali prowadzenie do przerwy i w szatni mogli zastanowi\u0107 si\u0119 nad taktyk\u0105 na drugie 45 minut.  <\/p>\n\n\n\n<p>Cz\u0119stochowscy pi\u0142karze, mimo atak\u00f3w gospodarzy, skutecznie bronili si\u0119 do 85. minuty. W\u00f3wczas <strong>Piotr Pierzcha\u0142a<\/strong> doprowadzi\u0142 do remisu.  <\/p>\n\n\n\n<p>Strata bramki nie \u201epodci\u0119\u0142a skrzyde\u0142\u201d go\u015bciom. Skra w 88. minucie po strzale <strong>Kamila Wojtyry<\/strong> zdoby\u0142a drug\u0105 bramk\u0119 i wygra\u0142a mecz 2:1 zdobywaj\u0105c na trudnym terenie z s\u0105siadem z tabeli 3 wa\u017cne punkty.  <\/p>\n\n\n\n<p>Po 13 rozegranych meczach Skra ma na\nkoncie 22 punkty. Po spotkaniu w Siedlcach cz\u0119stochowska dru\u017cyna\nawansowa\u0142a na 4. miejsce w tabeli.   \n<\/p>\n\n\n\n<p><strong>Pogo\u0144 Siedlce \u2013 Skra Cz\u0119stochowa\n1:2 (0:1)<\/strong><\/p>\n\n\n\n<p><strong>Skra:<\/strong> Biega\u0144ski \u2013 Mesjasz, Holik, Brusi\u0142o, Go\u0142\u0119biowski, Napora, Noiszewski, Niedba\u0142a, Noco\u0144, Olejnik, Wojtyra.  <\/p>\n\n\n\n<p>Foto: Materia\u0142y prasowe Skry<\/p>\n","protected":false},"excerpt":{"rendered":"<p>Pi\u0142karze Skry Cz\u0119stochowa w sobot\u0119 walczyli na trudnym terenie w Siedlcach z Pogoni\u0105. Wygrali za 3 punkty, cho\u0107 mogli wyjecha\u0107 tylko z 1, bo<\/p>\n","protected":false},"author":15,"featured_media":23719,"comment_status":"open","ping_status":"open","sticky":false,"template":"","format":"standard","meta":{"_monsterinsights_skip_tracking":false,"_monsterinsights_sitenote_active":false,"_monsterinsights_sitenote_note":"","_monsterinsights_sitenote_category":0,"_uf_show_specific_survey":0,"_uf_disable_surveys":false,"footnotes":""},"categories":[5,6],"tags":[],"class_list":["post-26145","post","type-post","status-publish","format-standard","has-post-thumbnail","hentry","category-sport","category-pilka-nozna"],"_links":{"self":[{"href":"https:\/\/gazetaregionalna.com\/index.php?rest_route=\/wp\/v2\/posts\/26145","targetHints":{"allow":["GET"]}}],"collection":[{"href":"https:\/\/gazetaregionalna.com\/index.php?rest_route=\/wp\/v2\/posts"}],"about":[{"href":"https:\/\/gazetaregionalna.com\/index.php?rest_route=\/wp\/v2\/types\/post"}],"author":[{"embeddable":true,"href":"https:\/\/gazetaregionalna.com\/index.php?rest_route=\/wp\/v2\/users\/15"}],"replies":[{"embeddable":true,"href":"https:\/\/gazetaregionalna.com\/index.php?rest_route=%2Fwp%2Fv2%2Fcomments&post=26145"}],"version-history":[{"count":4,"href":"https:\/\/gazetaregionalna.com\/index.php?rest_route=\/wp\/v2\/posts\/26145\/revisions"}],"predecessor-version":[{"id":26355,"href":"https:\/\/gazetaregionalna.com\/index.php?rest_route=\/wp\/v2\/posts\/26145\/revisions\/26355"}],"wp:featuredmedia":[{"embeddable":true,"href":"https:\/\/gazetaregionalna.com\/index.php?rest_route=\/wp\/v2\/media\/23719"}],"wp:attachment":[{"href":"https:\/\/gazetaregionalna.com\/index.php?rest_route=%2Fwp%2Fv2%2Fmedia&parent=26145"}],"wp:term":[{"taxonomy":"category","embeddable":true,"href":"https:\/\/gazetaregionalna.com\/index.php?rest_route=%2Fwp%2Fv2%2Fcategories&post=26145"},{"taxonomy":"post_tag","embeddable":true,"href":"https:\/\/gazetaregionalna.com\/index.php?rest_route=%2Fwp%2Fv2%2Ftags&post=26145"}],"curies":[{"name":"wp","href":"https:\/\/api.w.org\/{rel}","templated":true}]}}