{"id":26130,"date":"2020-11-14T09:28:08","date_gmt":"2020-11-14T09:28:08","guid":{"rendered":"https:\/\/gazetaregionalna.com\/?p=26130"},"modified":"2020-11-14T09:28:10","modified_gmt":"2020-11-14T09:28:10","slug":"przejazdy-kolejowe","status":"publish","type":"post","link":"https:\/\/gazetaregionalna.com\/?p=26130","title":{"rendered":"Uwaga! Przejazdy kolejowe Ostr\u00f3w i \u017barki Letnisko b\u0119d\u0105 czasowo zamkni\u0119te"},"content":{"rendered":"\n<p>W zwi\u0105zku z prowadzonymi pracami modernizacyjnymi na<strong> linii kolejowej<\/strong> <strong>nr 1<\/strong> na odcinku <strong>Cz\u0119stochowa \u2013 Zawiercie<\/strong> wykonawca prac Grupa ZUE informuje\u00a0o zamkni\u0119ciu przejazd\u00f3w w:<\/p>\n\n\n\n<ul class=\"wp-block-list\"><li>Ostrowie w dniach 16 &#8211; 19.11. 2020 w godzinach od 8:00 do 17:00;<\/li><li>\u017barkach Letnisku w dniach 20 &#8211; 23.11.2020 od godziny 8:00 do 17:00.<\/li><\/ul>\n\n\n\n<p>Grupa ZUE\nprzeprasza za utrudnienia.<\/p>\n","protected":false},"excerpt":{"rendered":"<p>W zwi\u0105zku z prowadzonymi pracami modernizacyjnymi na linii kolejowej nr 1 na odcinku Cz\u0119stochowa \u2013 Zawiercie wykonawca prac Grupa ZUE informuje\u00a0o zamkni\u0119ciu przejazd\u00f3w w:<\/p>\n","protected":false},"author":12,"featured_media":16207,"comment_status":"open","ping_status":"open","sticky":false,"template":"","format":"standard","meta":{"_monsterinsights_skip_tracking":false,"_monsterinsights_sitenote_active":false,"_monsterinsights_sitenote_note":"","_monsterinsights_sitenote_category":0,"_uf_show_specific_survey":0,"_uf_disable_surveys":false,"footnotes":""},"categories":[94,26,2],"tags":[],"class_list":["post-26130","post","type-post","status-publish","format-standard","has-post-thumbnail","hentry","category-polecane","category-myszkow","category-wiadomosci"],"_links":{"self":[{"href":"https:\/\/gazetaregionalna.com\/index.php?rest_route=\/wp\/v2\/posts\/26130","targetHints":{"allow":["GET"]}}],"collection":[{"href":"https:\/\/gazetaregionalna.com\/index.php?rest_route=\/wp\/v2\/posts"}],"about":[{"href":"https:\/\/gazetaregionalna.com\/index.php?rest_route=\/wp\/v2\/types\/post"}],"author":[{"embeddable":true,"href":"https:\/\/gazetaregionalna.com\/index.php?rest_route=\/wp\/v2\/users\/12"}],"replies":[{"embeddable":true,"href":"https:\/\/gazetaregionalna.com\/index.php?rest_route=%2Fwp%2Fv2%2Fcomments&post=26130"}],"version-history":[{"count":1,"href":"https:\/\/gazetaregionalna.com\/index.php?rest_route=\/wp\/v2\/posts\/26130\/revisions"}],"predecessor-version":[{"id":26131,"href":"https:\/\/gazetaregionalna.com\/index.php?rest_route=\/wp\/v2\/posts\/26130\/revisions\/26131"}],"wp:featuredmedia":[{"embeddable":true,"href":"https:\/\/gazetaregionalna.com\/index.php?rest_route=\/wp\/v2\/media\/16207"}],"wp:attachment":[{"href":"https:\/\/gazetaregionalna.com\/index.php?rest_route=%2Fwp%2Fv2%2Fmedia&parent=26130"}],"wp:term":[{"taxonomy":"category","embeddable":true,"href":"https:\/\/gazetaregionalna.com\/index.php?rest_route=%2Fwp%2Fv2%2Fcategories&post=26130"},{"taxonomy":"post_tag","embeddable":true,"href":"https:\/\/gazetaregionalna.com\/index.php?rest_route=%2Fwp%2Fv2%2Ftags&post=26130"}],"curies":[{"name":"wp","href":"https:\/\/api.w.org\/{rel}","templated":true}]}}