{"id":26123,"date":"2020-11-14T09:13:49","date_gmt":"2020-11-14T09:13:49","guid":{"rendered":"https:\/\/gazetaregionalna.com\/?p=26123"},"modified":"2020-11-14T09:13:51","modified_gmt":"2020-11-14T09:13:51","slug":"zakonczyla-sie-budowa-drog","status":"publish","type":"post","link":"https:\/\/gazetaregionalna.com\/?p=26123","title":{"rendered":"W Myszkowie zako\u0144czy\u0142a si\u0119 budowa dr\u00f3g  na ulicy Klonowej i Sadowej"},"content":{"rendered":"\n<h2 class=\"wp-block-heading\">Mimo\nwielu trudnych rozm\u00f3w i rozwi\u0105za\u0144 inwestycja polegaj\u0105ca na budowie dr\u00f3g na\nulicy Klonowej, Sadowej oraz \u0142\u0105czniku zako\u0144czy\u0142a si\u0119 z powodzeniem. Odbi\u00f3r dr\u00f3g\nnast\u0105pi\u0142 z ko\u0144cem pa\u017adziernika.<\/h2>\n\n\n\n<figure class=\"wp-block-image size-large\"><img decoding=\"async\" width=\"700\" height=\"467\" data-src=\"https:\/\/gazetaregionalna.com\/wp-content\/uploads\/2020\/11\/sadowa-przed-budow\u0105.jpg\" alt=\"\" class=\"wp-image-26128 lazyload\" data-srcset=\"https:\/\/gazetaregionalna.com\/wp-content\/uploads\/2020\/11\/sadowa-przed-budow\u0105.jpg 700w, https:\/\/gazetaregionalna.com\/wp-content\/uploads\/2020\/11\/sadowa-przed-budow\u0105-300x200.jpg 300w, https:\/\/gazetaregionalna.com\/wp-content\/uploads\/2020\/11\/sadowa-przed-budow\u0105-696x464.jpg 696w, https:\/\/gazetaregionalna.com\/wp-content\/uploads\/2020\/11\/sadowa-przed-budow\u0105-630x420.jpg 630w\" data-sizes=\"(max-width: 700px) 100vw, 700px\" src=\"data:image\/svg+xml;base64,PHN2ZyB3aWR0aD0iMSIgaGVpZ2h0PSIxIiB4bWxucz0iaHR0cDovL3d3dy53My5vcmcvMjAwMC9zdmciPjwvc3ZnPg==\" style=\"--smush-placeholder-width: 700px; --smush-placeholder-aspect-ratio: 700\/467;\" \/><figcaption>Fot: UG Myszk\u00f3w (Sadowa przed realizacj\u0105)<\/figcaption><\/figure>\n\n\n\n<p>Og\u0142oszony przetarg w 2015 roku na wykonanie dokumentacji projektowej budowy drogi w ul. Klonowej, Sadowej oraz \u0142\u0105czniku wraz z budow\u0105 kanalizacji sanitarnej, deszczowej z przy\u0142\u0105czami do posesji, przebudow\u0105 infrastruktury podziemnej wygra\u0142a firma <strong>ABS Ochrona \u015arodowiska z Katowic<\/strong>. Firma ta na realizacj\u0119 dokumentacji mia\u0142a czas do 2016 roku.<\/p>\n\n\n\n<p>Po\nrozmowach Burmistrza Miasta z mieszka\u0144cami tych ulic zosta\u0142 wybrany jeden z\ndw\u00f3ch przedstawionych projekt\u00f3w. Nast\u0119pnie zacz\u0105\u0142 si\u0119 d\u0142ugi okres pozwole\u0144 na\nbudow\u0119 i kolejnych uzgodnie\u0144, kt\u00f3ry zosta\u0142 spowodowany najcz\u0119\u015bciej zmianami w\u0142a\u015bcicieli dzia\u0142ek na\ntych ulicach (ka\u017cda zmiana w\u0142a\u015bciciela dzia\u0142ki powodowa\u0142a rozpocz\u0119cie procedur\nod nowa).<\/p>\n\n\n\n<figure class=\"wp-block-image size-large\"><img decoding=\"async\" width=\"778\" height=\"518\" data-src=\"https:\/\/gazetaregionalna.com\/wp-content\/uploads\/2020\/11\/sadowa-po.jpg\" alt=\"\" class=\"wp-image-26127 lazyload\" data-srcset=\"https:\/\/gazetaregionalna.com\/wp-content\/uploads\/2020\/11\/sadowa-po.jpg 778w, https:\/\/gazetaregionalna.com\/wp-content\/uploads\/2020\/11\/sadowa-po-300x200.jpg 300w, https:\/\/gazetaregionalna.com\/wp-content\/uploads\/2020\/11\/sadowa-po-768x511.jpg 768w, https:\/\/gazetaregionalna.com\/wp-content\/uploads\/2020\/11\/sadowa-po-696x463.jpg 696w, https:\/\/gazetaregionalna.com\/wp-content\/uploads\/2020\/11\/sadowa-po-631x420.jpg 631w\" data-sizes=\"(max-width: 778px) 100vw, 778px\" src=\"data:image\/svg+xml;base64,PHN2ZyB3aWR0aD0iMSIgaGVpZ2h0PSIxIiB4bWxucz0iaHR0cDovL3d3dy53My5vcmcvMjAwMC9zdmciPjwvc3ZnPg==\" style=\"--smush-placeholder-width: 778px; --smush-placeholder-aspect-ratio: 778\/518;\" \/><figcaption>Fot: UG Myszk\u00f3w (Sadowa po realizacji zadania)<\/figcaption><\/figure>\n\n\n\n<p>Pierwszy bezskuteczny przetarg na budow\u0119 zosta\u0142 og\u0142oszony przez Gmin\u0119 w 2018 roku. Ceny zamieszczone w ofertach znacznie przekracza\u0142y kwot\u0119, jak\u0105 Myszk\u00f3w przeznaczy\u0142 na to zadanie. Rozstrzygni\u0119cie przyni\u00f3s\u0142 drugi przetarg w grudniu 2018 roku. Wy\u0142oniona zosta\u0142a w nim firma <strong>P.U.H. Domax z Boronowa<\/strong>, kt\u00f3ra w lutym 2019 roku podpisa\u0142a umow\u0119 z Gmin\u0105 na realizacj\u0119 zadania <strong>do 30 pa\u017adziernika 2020 r<\/strong>.<\/p>\n\n\n\n<p>W\nramach inwestycji wybudowano ci\u0105g pieszo-jezdny o nawierzchni z kostki betonowej, chodnik,\nwybudowano kanalizacj\u0119 deszczow\u0105 i sanitarn\u0105 z przy\u0142\u0105czami do ka\u017cdej z posesji,\nprzebudowano infrastruktur\u0119 podziemn\u0105, zgodnie z projektem. <\/p>\n\n\n\n<p>Ulice Klonowa, Sadowa wraz z \u0142\u0105cznikiem to kolejne wybudowane od podstaw drogi. W ramach inwestycji wybudowano 80 pod\u0142\u0105cze\u0144 kanalizacji sanitarnej.<\/p>\n\n\n\n<figure class=\"wp-block-image size-large\"><img decoding=\"async\" width=\"778\" height=\"518\" data-src=\"https:\/\/gazetaregionalna.com\/wp-content\/uploads\/2020\/11\/\u0142\u0105cznik.jpg\" alt=\"\" class=\"wp-image-26126 lazyload\" data-srcset=\"https:\/\/gazetaregionalna.com\/wp-content\/uploads\/2020\/11\/\u0142\u0105cznik.jpg 778w, https:\/\/gazetaregionalna.com\/wp-content\/uploads\/2020\/11\/\u0142\u0105cznik-300x200.jpg 300w, https:\/\/gazetaregionalna.com\/wp-content\/uploads\/2020\/11\/\u0142\u0105cznik-768x511.jpg 768w, https:\/\/gazetaregionalna.com\/wp-content\/uploads\/2020\/11\/\u0142\u0105cznik-696x463.jpg 696w, https:\/\/gazetaregionalna.com\/wp-content\/uploads\/2020\/11\/\u0142\u0105cznik-631x420.jpg 631w\" data-sizes=\"(max-width: 778px) 100vw, 778px\" src=\"data:image\/svg+xml;base64,PHN2ZyB3aWR0aD0iMSIgaGVpZ2h0PSIxIiB4bWxucz0iaHR0cDovL3d3dy53My5vcmcvMjAwMC9zdmciPjwvc3ZnPg==\" style=\"--smush-placeholder-width: 778px; --smush-placeholder-aspect-ratio: 778\/518;\" \/><figcaption>Fot: UG Myszk\u00f3w (\u0142\u0105cznik mi\u0119dzy Sadow\u0105 a Klonow\u0105)<\/figcaption><\/figure>\n","protected":false},"excerpt":{"rendered":"<p>Mimo wielu trudnych rozm\u00f3w i rozwi\u0105za\u0144 inwestycja polegaj\u0105ca na budowie dr\u00f3g na ulicy Klonowej, Sadowej oraz \u0142\u0105czniku zako\u0144czy\u0142a si\u0119 z powodzeniem. Odbi\u00f3r dr\u00f3g nast\u0105pi\u0142<\/p>\n","protected":false},"author":12,"featured_media":26125,"comment_status":"open","ping_status":"open","sticky":false,"template":"","format":"standard","meta":{"_monsterinsights_skip_tracking":false,"_monsterinsights_sitenote_active":false,"_monsterinsights_sitenote_note":"","_monsterinsights_sitenote_category":0,"_uf_show_specific_survey":0,"_uf_disable_surveys":false,"footnotes":""},"categories":[33,26,94,2],"tags":[],"class_list":["post-26123","post","type-post","status-publish","format-standard","has-post-thumbnail","hentry","category-inwestycje","category-myszkow","category-polecane","category-wiadomosci"],"_links":{"self":[{"href":"https:\/\/gazetaregionalna.com\/index.php?rest_route=\/wp\/v2\/posts\/26123","targetHints":{"allow":["GET"]}}],"collection":[{"href":"https:\/\/gazetaregionalna.com\/index.php?rest_route=\/wp\/v2\/posts"}],"about":[{"href":"https:\/\/gazetaregionalna.com\/index.php?rest_route=\/wp\/v2\/types\/post"}],"author":[{"embeddable":true,"href":"https:\/\/gazetaregionalna.com\/index.php?rest_route=\/wp\/v2\/users\/12"}],"replies":[{"embeddable":true,"href":"https:\/\/gazetaregionalna.com\/index.php?rest_route=%2Fwp%2Fv2%2Fcomments&post=26123"}],"version-history":[{"count":2,"href":"https:\/\/gazetaregionalna.com\/index.php?rest_route=\/wp\/v2\/posts\/26123\/revisions"}],"predecessor-version":[{"id":26129,"href":"https:\/\/gazetaregionalna.com\/index.php?rest_route=\/wp\/v2\/posts\/26123\/revisions\/26129"}],"wp:featuredmedia":[{"embeddable":true,"href":"https:\/\/gazetaregionalna.com\/index.php?rest_route=\/wp\/v2\/media\/26125"}],"wp:attachment":[{"href":"https:\/\/gazetaregionalna.com\/index.php?rest_route=%2Fwp%2Fv2%2Fmedia&parent=26123"}],"wp:term":[{"taxonomy":"category","embeddable":true,"href":"https:\/\/gazetaregionalna.com\/index.php?rest_route=%2Fwp%2Fv2%2Fcategories&post=26123"},{"taxonomy":"post_tag","embeddable":true,"href":"https:\/\/gazetaregionalna.com\/index.php?rest_route=%2Fwp%2Fv2%2Ftags&post=26123"}],"curies":[{"name":"wp","href":"https:\/\/api.w.org\/{rel}","templated":true}]}}