{"id":25953,"date":"2020-11-12T08:46:43","date_gmt":"2020-11-12T08:46:43","guid":{"rendered":"https:\/\/gazetaregionalna.com\/?p=25953"},"modified":"2020-11-12T12:02:16","modified_gmt":"2020-11-12T12:02:16","slug":"grozny-wypadek-2","status":"publish","type":"post","link":"https:\/\/gazetaregionalna.com\/?p=25953","title":{"rendered":"Gro\u017any wypadek w Cz\u0119stochowie. 30-latek staranowa\u0142 radiow\u00f3z i pr\u00f3bowa\u0142 uciec"},"content":{"rendered":"\n<h2 class=\"wp-block-heading\">30-latek na czerwonym \u015bwietle wjecha\u0142 z impetem w prawid\u0142owo jad\u0105cy radiow\u00f3z. W obawie przed konsekwencjami pr\u00f3bowa\u0142 uciec.<\/h2>\n\n\n\n<p>Do gro\u017anego\nwypadku dosz\u0142o w \u015brod\u0119 11 listopada 2020 roku oko\u0142o godziny 18:20 na\nskrzy\u017cowaniu al. Jana Paw\u0142a II z ul. D\u0105browskiego.<\/p>\n\n\n\n<p>30-letni kierowca Nissana Almery, jad\u0105cy al. Jana Paw\u0142a II w kierunku Armii Krajowej nie zastosowa\u0142 si\u0119 do sygnalizacji \u015bwietlnej i na czerwonym \u015bwietle z du\u017c\u0105 pr\u0119dko\u015bci\u0105 wjecha\u0142 na skrzy\u017cowanie z ul. D\u0105browskiego, gdzie staranowa\u0142 prawid\u0142owo jad\u0105cy radiow\u00f3z.<\/p>\n\n\n\n<figure class=\"wp-block-image size-large\"><img decoding=\"async\" width=\"868\" height=\"1024\" data-src=\"https:\/\/gazetaregionalna.com\/wp-content\/uploads\/2020\/11\/wypadek-3-868x1024.jpg\" alt=\"\" class=\"wp-image-25957 lazyload\" data-srcset=\"https:\/\/gazetaregionalna.com\/wp-content\/uploads\/2020\/11\/wypadek-3-868x1024.jpg 868w, https:\/\/gazetaregionalna.com\/wp-content\/uploads\/2020\/11\/wypadek-3-254x300.jpg 254w, https:\/\/gazetaregionalna.com\/wp-content\/uploads\/2020\/11\/wypadek-3-768x906.jpg 768w, https:\/\/gazetaregionalna.com\/wp-content\/uploads\/2020\/11\/wypadek-3-696x821.jpg 696w, https:\/\/gazetaregionalna.com\/wp-content\/uploads\/2020\/11\/wypadek-3-356x420.jpg 356w, https:\/\/gazetaregionalna.com\/wp-content\/uploads\/2020\/11\/wypadek-3.jpg 899w\" data-sizes=\"(max-width: 868px) 100vw, 868px\" src=\"data:image\/svg+xml;base64,PHN2ZyB3aWR0aD0iMSIgaGVpZ2h0PSIxIiB4bWxucz0iaHR0cDovL3d3dy53My5vcmcvMjAwMC9zdmciPjwvc3ZnPg==\" style=\"--smush-placeholder-width: 868px; --smush-placeholder-aspect-ratio: 868\/1024;\" \/><figcaption>Fot: KMP Cz\u0119stochowa<\/figcaption><\/figure>\n\n\n\n<p>Policjanci\nskr\u0119cali w ulic\u0119 D\u0105browskiego.<\/p>\n\n\n\n<p>Sprawca, mieszkaniec Cz\u0119stochowy po zderzeniu pieszo uciek\u0142 z miejsca wypadku. Bardzo szybko jednak zosta\u0142 z\u0142apany przez mundurowych. M\u0119\u017cczyzna nie chcia\u0142 si\u0119 podda\u0107 badaniu alkomatem na obecno\u015b\u0107 alkoholu, dlatego zosta\u0142a mu pobrana krew. Badanie wyka\u017ce czy w jego organizmie znajdowa\u0142 si\u0119 alkohol, czy te\u017c inne zabronione u\u017cywki. <\/p>\n\n\n\n<p>W wypadku ranni\nzostali funkcjonariusze z uderzonego radiowozu. Policjantka i policjant zostali\nprzewiezieni do szpitala, gdzie zostali poddani badaniom diagnostycznym.\nSprawca wypadku r\u00f3wnie\u017c przebywa w szpitalu.<\/p>\n\n\n\n<p>Do p\u00f3\u017anych godzin na miejscu pracowali policjanci&nbsp;ruchu drogowego, kt\u00f3rzy zabezpieczyli \u015blady i wykonali ogl\u0119dziny miejsca zdarzenia.<\/p>\n\n\n\n<figure class=\"wp-block-image size-large\"><img decoding=\"async\" width=\"970\" height=\"731\" data-src=\"https:\/\/gazetaregionalna.com\/wp-content\/uploads\/2020\/11\/wypadek-2.jpg\" alt=\"\" class=\"wp-image-25956 lazyload\" data-srcset=\"https:\/\/gazetaregionalna.com\/wp-content\/uploads\/2020\/11\/wypadek-2.jpg 970w, https:\/\/gazetaregionalna.com\/wp-content\/uploads\/2020\/11\/wypadek-2-300x226.jpg 300w, https:\/\/gazetaregionalna.com\/wp-content\/uploads\/2020\/11\/wypadek-2-768x579.jpg 768w, https:\/\/gazetaregionalna.com\/wp-content\/uploads\/2020\/11\/wypadek-2-80x60.jpg 80w, https:\/\/gazetaregionalna.com\/wp-content\/uploads\/2020\/11\/wypadek-2-696x525.jpg 696w, https:\/\/gazetaregionalna.com\/wp-content\/uploads\/2020\/11\/wypadek-2-557x420.jpg 557w\" data-sizes=\"(max-width: 970px) 100vw, 970px\" src=\"data:image\/svg+xml;base64,PHN2ZyB3aWR0aD0iMSIgaGVpZ2h0PSIxIiB4bWxucz0iaHR0cDovL3d3dy53My5vcmcvMjAwMC9zdmciPjwvc3ZnPg==\" style=\"--smush-placeholder-width: 970px; --smush-placeholder-aspect-ratio: 970\/731;\" \/><figcaption>Fot: KMP Cz\u0119stochowa<\/figcaption><\/figure>\n\n\n\n<p>[post_gallery]<\/p>\n\n\n\n<p>Fot: Norbert Synowiec<\/p>\n","protected":false},"excerpt":{"rendered":"<p>30-latek na czerwonym \u015bwietle wjecha\u0142 z impetem w prawid\u0142owo jad\u0105cy radiow\u00f3z. W obawie przed konsekwencjami pr\u00f3bowa\u0142 uciec. Do gro\u017anego wypadku dosz\u0142o w \u015brod\u0119 11<\/p>\n","protected":false},"author":12,"featured_media":25955,"comment_status":"open","ping_status":"open","sticky":false,"template":"","format":"standard","meta":{"_monsterinsights_skip_tracking":false,"_monsterinsights_sitenote_active":false,"_monsterinsights_sitenote_note":"","_monsterinsights_sitenote_category":0,"_uf_show_specific_survey":0,"_uf_disable_surveys":false,"footnotes":""},"categories":[44,3,94,2],"tags":[],"class_list":["post-25953","post","type-post","status-publish","format-standard","has-post-thumbnail","hentry","category-bezpieczenstwo","category-czestochowa-informacje","category-polecane","category-wiadomosci"],"_links":{"self":[{"href":"https:\/\/gazetaregionalna.com\/index.php?rest_route=\/wp\/v2\/posts\/25953","targetHints":{"allow":["GET"]}}],"collection":[{"href":"https:\/\/gazetaregionalna.com\/index.php?rest_route=\/wp\/v2\/posts"}],"about":[{"href":"https:\/\/gazetaregionalna.com\/index.php?rest_route=\/wp\/v2\/types\/post"}],"author":[{"embeddable":true,"href":"https:\/\/gazetaregionalna.com\/index.php?rest_route=\/wp\/v2\/users\/12"}],"replies":[{"embeddable":true,"href":"https:\/\/gazetaregionalna.com\/index.php?rest_route=%2Fwp%2Fv2%2Fcomments&post=25953"}],"version-history":[{"count":3,"href":"https:\/\/gazetaregionalna.com\/index.php?rest_route=\/wp\/v2\/posts\/25953\/revisions"}],"predecessor-version":[{"id":25989,"href":"https:\/\/gazetaregionalna.com\/index.php?rest_route=\/wp\/v2\/posts\/25953\/revisions\/25989"}],"wp:featuredmedia":[{"embeddable":true,"href":"https:\/\/gazetaregionalna.com\/index.php?rest_route=\/wp\/v2\/media\/25955"}],"wp:attachment":[{"href":"https:\/\/gazetaregionalna.com\/index.php?rest_route=%2Fwp%2Fv2%2Fmedia&parent=25953"}],"wp:term":[{"taxonomy":"category","embeddable":true,"href":"https:\/\/gazetaregionalna.com\/index.php?rest_route=%2Fwp%2Fv2%2Fcategories&post=25953"},{"taxonomy":"post_tag","embeddable":true,"href":"https:\/\/gazetaregionalna.com\/index.php?rest_route=%2Fwp%2Fv2%2Ftags&post=25953"}],"curies":[{"name":"wp","href":"https:\/\/api.w.org\/{rel}","templated":true}]}}