{"id":25946,"date":"2020-11-11T13:47:43","date_gmt":"2020-11-11T13:47:43","guid":{"rendered":"https:\/\/gazetaregionalna.com\/?p=25946"},"modified":"2020-11-11T13:47:45","modified_gmt":"2020-11-11T13:47:45","slug":"usmiech-dla-sluzb","status":"publish","type":"post","link":"https:\/\/gazetaregionalna.com\/?p=25946","title":{"rendered":"\u201eU\u015bmiech dla s\u0142u\u017cb\u201d po raz kolejny"},"content":{"rendered":"\n<h2 class=\"wp-block-heading\">Ruszy\u0142a ju\u017c kolejna edycja konkursu plastycznego pt. <strong>\u201eU\u015bmiech dla s\u0142u\u017cb\u201d<\/strong>. <\/h2>\n\n\n\n<p>Po\nraz kolejny ruszy\u0142a akcja podtrzymuj\u0105ca na duchu s\u0142u\u017cby\npomagaj\u0105ce w walce z pandemi\u0105. O tym, jak gro\u017ana i ci\u0119\u017cka jest\nwalka z koronawirusem dobrze wie s\u0142u\u017cba zdrowia, policja, stra\u017c\npo\u017carna, stra\u017c miejska czy wojsko. Instytucje te codziennie\nryzykuj\u0105 w\u0142asnym zdrowiem, a nawet \u017cyciem b\u0119d\u0105c na pierwszej\nlinii walki z wirusem.<\/p>\n\n\n\n<figure class=\"wp-block-image size-large\"><img decoding=\"async\" width=\"970\" height=\"728\" data-src=\"https:\/\/gazetaregionalna.com\/wp-content\/uploads\/2020\/11\/u\u015bmiech-dla-s\u0142u\u017cb-3.jpg\" alt=\"\" class=\"wp-image-25951 lazyload\" data-srcset=\"https:\/\/gazetaregionalna.com\/wp-content\/uploads\/2020\/11\/u\u015bmiech-dla-s\u0142u\u017cb-3.jpg 970w, https:\/\/gazetaregionalna.com\/wp-content\/uploads\/2020\/11\/u\u015bmiech-dla-s\u0142u\u017cb-3-300x225.jpg 300w, https:\/\/gazetaregionalna.com\/wp-content\/uploads\/2020\/11\/u\u015bmiech-dla-s\u0142u\u017cb-3-768x576.jpg 768w, https:\/\/gazetaregionalna.com\/wp-content\/uploads\/2020\/11\/u\u015bmiech-dla-s\u0142u\u017cb-3-80x60.jpg 80w, https:\/\/gazetaregionalna.com\/wp-content\/uploads\/2020\/11\/u\u015bmiech-dla-s\u0142u\u017cb-3-265x198.jpg 265w, https:\/\/gazetaregionalna.com\/wp-content\/uploads\/2020\/11\/u\u015bmiech-dla-s\u0142u\u017cb-3-696x522.jpg 696w, https:\/\/gazetaregionalna.com\/wp-content\/uploads\/2020\/11\/u\u015bmiech-dla-s\u0142u\u017cb-3-560x420.jpg 560w\" data-sizes=\"(max-width: 970px) 100vw, 970px\" src=\"data:image\/svg+xml;base64,PHN2ZyB3aWR0aD0iMSIgaGVpZ2h0PSIxIiB4bWxucz0iaHR0cDovL3d3dy53My5vcmcvMjAwMC9zdmciPjwvc3ZnPg==\" style=\"--smush-placeholder-width: 970px; --smush-placeholder-aspect-ratio: 970\/728;\" \/><figcaption>Fot: KMP Cz\u0119stochowa (praca z pierwszej edycji konkursu)<\/figcaption><\/figure>\n\n\n\n<p>\u201eU\u015bmiech\ndla s\u0142u\u017cb\u201d to konkurs plastyczny, kt\u00f3ry ma na celu przede\nwszystkim wesprze\u0107, doda\u0107 otuchy i pokaza\u0107 s\u0142u\u017cbom oraz\ninstytucjom podejmuj\u0105cym dzia\u0142ania na rzecz walki z pandemi\u0105,\njakim darzymy ich szacunkiem w tym trudnym okresie.\nKonkurs ma r\u00f3wnie\u017c zwr\u00f3ci\u0107 uwag\u0119 na przestrzeganie zasad\nhigienicznego stylu \u017cycia.<\/p>\n\n\n\n<p>Organizatorami\nkolejnej edycji s\u0105:<\/p>\n\n\n\n<ul class=\"wp-block-list\"><li>Wydzia\u0142\n\tPrewencji Komendy Miejskiej Policji w Cz\u0119stochowie;\n\t<\/li><li>Komenda\n\tMiejska Pa\u0144stwowej Stra\u017cy Po\u017carnej w Cz\u0119stochowie;\n\t<\/li><li>Zesp\u00f3\u0142\n\tSzpitali Miejskich;\n\t<\/li><li>Niezale\u017cny\n\tSamorz\u0105dny Zwi\u0105zek Zawodowy Policjant\u00f3w;\n\t<\/li><li>Przedsi\u0119biorstwo\n\tWodoci\u0105g\u00f3w i Kanalizacji Okr\u0119gu Cz\u0119stochowskiego;\n\t<\/li><li>Zak\u0142ad\n\tGospodarki Mieszkaniowej TBS w Cz\u0119stochowie.\n<\/li><\/ul>\n\n\n\n<p>Wprowadzona na pocz\u0105tku pandemii pierwsza edycja konkursu cieszy\u0142a si\u0119 bardzo du\u017cym zainteresowaniem w\u015br\u00f3d dzieci i m\u0142odzie\u017cy. Ilo\u015b\u0107 nades\u0142anych prac przesz\u0142a oczekiwania organizator\u00f3w.<\/p>\n\n\n\n<figure class=\"wp-block-image size-large\"><img decoding=\"async\" width=\"970\" height=\"726\" data-src=\"https:\/\/gazetaregionalna.com\/wp-content\/uploads\/2020\/11\/u\u015bmiech-dla-s\u0142u\u017cb-1.jpg\" alt=\"\" class=\"wp-image-25949 lazyload\" data-srcset=\"https:\/\/gazetaregionalna.com\/wp-content\/uploads\/2020\/11\/u\u015bmiech-dla-s\u0142u\u017cb-1.jpg 970w, https:\/\/gazetaregionalna.com\/wp-content\/uploads\/2020\/11\/u\u015bmiech-dla-s\u0142u\u017cb-1-300x225.jpg 300w, https:\/\/gazetaregionalna.com\/wp-content\/uploads\/2020\/11\/u\u015bmiech-dla-s\u0142u\u017cb-1-768x575.jpg 768w, https:\/\/gazetaregionalna.com\/wp-content\/uploads\/2020\/11\/u\u015bmiech-dla-s\u0142u\u017cb-1-80x60.jpg 80w, https:\/\/gazetaregionalna.com\/wp-content\/uploads\/2020\/11\/u\u015bmiech-dla-s\u0142u\u017cb-1-265x198.jpg 265w, https:\/\/gazetaregionalna.com\/wp-content\/uploads\/2020\/11\/u\u015bmiech-dla-s\u0142u\u017cb-1-696x521.jpg 696w, https:\/\/gazetaregionalna.com\/wp-content\/uploads\/2020\/11\/u\u015bmiech-dla-s\u0142u\u017cb-1-561x420.jpg 561w\" data-sizes=\"(max-width: 970px) 100vw, 970px\" src=\"data:image\/svg+xml;base64,PHN2ZyB3aWR0aD0iMSIgaGVpZ2h0PSIxIiB4bWxucz0iaHR0cDovL3d3dy53My5vcmcvMjAwMC9zdmciPjwvc3ZnPg==\" style=\"--smush-placeholder-width: 970px; --smush-placeholder-aspect-ratio: 970\/726;\" \/><figcaption> <em>Fot: KMP Cz\u0119stochowa (praca z pierwszej edycji konkursu)<\/em> <\/figcaption><\/figure>\n\n\n\n<p>Druga edycja trwa<strong> od 9 listopada do 14 grudnia 2020 roku<\/strong>. W tym czasie wystarczy wykona\u0107 samodzielnie prac\u0119 dowoln\u0105 technik\u0105 przedstawiaj\u0105c\u0105 s\u0142u\u017cby czy instytucje przyczyniaj\u0105ce si\u0119 do walki z pandemi\u0105. Zdj\u0119cia gotowej pracy nale\u017cy przes\u0142a\u0107 na adres:  <a href=\"mailto:daniel.zych@czestochowa.ka.policja.gov.pl\">daniel.zych@czestochowa.ka.policja.gov.pl<\/a> lub <a href=\"mailto:kamil.sowinski@czestochowa.ka.policja.gov.pl\">kamil.sowinski@czestochowa.ka.policja.gov.pl<\/a>.<\/p>\n\n\n\n<p> Zwyci\u0119skie prace zostan\u0105 og\u0142oszone <strong>do 20 grudnia 2020 roku<\/strong>.  <\/p>\n\n\n\n<figure class=\"wp-block-image size-large\"><img decoding=\"async\" width=\"970\" height=\"654\" data-src=\"https:\/\/gazetaregionalna.com\/wp-content\/uploads\/2020\/11\/u\u015bmiech-dla-s\u0142u\u017cb-2.jpg\" alt=\"\" class=\"wp-image-25950 lazyload\" data-srcset=\"https:\/\/gazetaregionalna.com\/wp-content\/uploads\/2020\/11\/u\u015bmiech-dla-s\u0142u\u017cb-2.jpg 970w, https:\/\/gazetaregionalna.com\/wp-content\/uploads\/2020\/11\/u\u015bmiech-dla-s\u0142u\u017cb-2-300x202.jpg 300w, https:\/\/gazetaregionalna.com\/wp-content\/uploads\/2020\/11\/u\u015bmiech-dla-s\u0142u\u017cb-2-768x518.jpg 768w, https:\/\/gazetaregionalna.com\/wp-content\/uploads\/2020\/11\/u\u015bmiech-dla-s\u0142u\u017cb-2-696x469.jpg 696w, https:\/\/gazetaregionalna.com\/wp-content\/uploads\/2020\/11\/u\u015bmiech-dla-s\u0142u\u017cb-2-623x420.jpg 623w\" data-sizes=\"(max-width: 970px) 100vw, 970px\" src=\"data:image\/svg+xml;base64,PHN2ZyB3aWR0aD0iMSIgaGVpZ2h0PSIxIiB4bWxucz0iaHR0cDovL3d3dy53My5vcmcvMjAwMC9zdmciPjwvc3ZnPg==\" style=\"--smush-placeholder-width: 970px; --smush-placeholder-aspect-ratio: 970\/654;\" \/><figcaption> <em>Fot: KMP Cz\u0119stochowa (praca z pierwszej edycji konkursu)<\/em> <\/figcaption><\/figure>\n","protected":false},"excerpt":{"rendered":"<p>Ruszy\u0142a ju\u017c kolejna edycja konkursu plastycznego pt. \u201eU\u015bmiech dla s\u0142u\u017cb\u201d. Po raz kolejny ruszy\u0142a akcja podtrzymuj\u0105ca na duchu s\u0142u\u017cby pomagaj\u0105ce w walce z pandemi\u0105.<\/p>\n","protected":false},"author":12,"featured_media":25948,"comment_status":"open","ping_status":"open","sticky":false,"template":"","format":"standard","meta":{"_monsterinsights_skip_tracking":false,"_monsterinsights_sitenote_active":false,"_monsterinsights_sitenote_note":"","_monsterinsights_sitenote_category":0,"_uf_show_specific_survey":0,"_uf_disable_surveys":false,"footnotes":""},"categories":[12,3,15,94,2],"tags":[],"class_list":["post-25946","post","type-post","status-publish","format-standard","has-post-thumbnail","hentry","category-kultura-i-rozrywka","category-czestochowa-informacje","category-dla-dzieci","category-polecane","category-wiadomosci"],"_links":{"self":[{"href":"https:\/\/gazetaregionalna.com\/index.php?rest_route=\/wp\/v2\/posts\/25946","targetHints":{"allow":["GET"]}}],"collection":[{"href":"https:\/\/gazetaregionalna.com\/index.php?rest_route=\/wp\/v2\/posts"}],"about":[{"href":"https:\/\/gazetaregionalna.com\/index.php?rest_route=\/wp\/v2\/types\/post"}],"author":[{"embeddable":true,"href":"https:\/\/gazetaregionalna.com\/index.php?rest_route=\/wp\/v2\/users\/12"}],"replies":[{"embeddable":true,"href":"https:\/\/gazetaregionalna.com\/index.php?rest_route=%2Fwp%2Fv2%2Fcomments&post=25946"}],"version-history":[{"count":2,"href":"https:\/\/gazetaregionalna.com\/index.php?rest_route=\/wp\/v2\/posts\/25946\/revisions"}],"predecessor-version":[{"id":25952,"href":"https:\/\/gazetaregionalna.com\/index.php?rest_route=\/wp\/v2\/posts\/25946\/revisions\/25952"}],"wp:featuredmedia":[{"embeddable":true,"href":"https:\/\/gazetaregionalna.com\/index.php?rest_route=\/wp\/v2\/media\/25948"}],"wp:attachment":[{"href":"https:\/\/gazetaregionalna.com\/index.php?rest_route=%2Fwp%2Fv2%2Fmedia&parent=25946"}],"wp:term":[{"taxonomy":"category","embeddable":true,"href":"https:\/\/gazetaregionalna.com\/index.php?rest_route=%2Fwp%2Fv2%2Fcategories&post=25946"},{"taxonomy":"post_tag","embeddable":true,"href":"https:\/\/gazetaregionalna.com\/index.php?rest_route=%2Fwp%2Fv2%2Ftags&post=25946"}],"curies":[{"name":"wp","href":"https:\/\/api.w.org\/{rel}","templated":true}]}}