{"id":25943,"date":"2020-11-11T11:27:11","date_gmt":"2020-11-11T11:27:11","guid":{"rendered":"https:\/\/gazetaregionalna.com\/?p=25943"},"modified":"2020-11-11T11:27:54","modified_gmt":"2020-11-11T11:27:54","slug":"separator-do-osocza","status":"publish","type":"post","link":"https:\/\/gazetaregionalna.com\/?p=25943","title":{"rendered":"Powiat Radomszcza\u0144ski stara si\u0119 o separator do osocza"},"content":{"rendered":"\n<h2 class=\"wp-block-heading\">Zarz\u0105d Powiatu Radomszcza\u0144skiego obecnie stara si\u0119 o zakup urz\u0105dzenia separuj\u0105cego do oddzielania osocza z krwi ozdrowie\u0144c\u00f3w.<\/h2>\n\n\n\n<p>Osocze os\u00f3b, kt\u00f3re przechodzi\u0142y COVID-19 lub przeby\u0142y bezobjawowo zaka\u017cenie koronawirusem SARS COV-2 na chwil\u0119 obecn\u0105 jest bardzo potrzebne, poniewa\u017c wspomaga leczenie os\u00f3b chorych z ci\u0119\u017ckimi objawami zaka\u017cenia.<\/p>\n\n\n\n<p>Obecnie najbli\u017cszy punkt, w kt\u00f3rym ozdrowie\u0144cy mog\u0105 oddawa\u0107 osocze, znajduje si\u0119 w \u0141odzi. Jest to do\u015b\u0107 problematyczne dla wielu os\u00f3b, gdy\u017c do pokonania jest prawie 200 km w dwie strony. Poza tym budowa autostrady A1 w znaczny spos\u00f3b utrudnia i wyd\u0142u\u017ca dojazd do \u0141odzi. Przeszkody te w du\u017cej mierze zniech\u0119caj\u0105 ozdrowie\u0144c\u00f3w z Powiatu Radomszcza\u0144skiego do oddania osocza.<\/p>\n\n\n\n<p>Dlatego <strong>Starosta Beata Pokora<\/strong> wyst\u0105pi\u0142a do <strong>Wojewody \u0141\u00f3dzkiego, Tobiasza Boche\u0144skiego <\/strong>z pro\u015bb\u0105 o sfinansowanie zakupu i uruchomienie w Szpitalu Powiatowym w Radomsku aparatury do oddzielania osocza krwi, oddawanej przez ozdrowie\u0144c\u00f3w.<\/p>\n\n\n\n<p>&#8211; <em>\u201ePoczynili\u015bmy te starania ze wzgl\u0119du na dynamiczny wzrost liczby chorych na COVID-19, a co za tym idzie \u2013 na du\u017ce zapotrzebowanie osocza, bardzo potrzebnego najci\u0119\u017cej chorym\u201d <\/em>\u2013 t\u0142umaczy starosta Beata Pokora.<\/p>\n\n\n\n<p>Pro\u015bba ta jest podyktowana du\u017cym zainteresowaniem w\u015br\u00f3d ozdrowie\u0144c\u00f3w z powiatu. Poza tym w  Szpitalu Powiatowym znajduje si\u0119 punkt Regionalnego Centrum Krwiodawstwa, gdzie pracuje specjalistyczna kadra.<\/p>\n\n\n\n<p> Przewidywany koszt takiego separatora to oko\u0142o <strong>70 000 z\u0142<\/strong>.<\/p>\n","protected":false},"excerpt":{"rendered":"<p>Zarz\u0105d Powiatu Radomszcza\u0144skiego obecnie stara si\u0119 o zakup urz\u0105dzenia separuj\u0105cego do oddzielania osocza z krwi ozdrowie\u0144c\u00f3w. Osocze os\u00f3b, kt\u00f3re przechodzi\u0142y COVID-19 lub przeby\u0142y bezobjawowo<\/p>\n","protected":false},"author":12,"featured_media":3394,"comment_status":"open","ping_status":"open","sticky":false,"template":"","format":"standard","meta":{"_monsterinsights_skip_tracking":false,"_monsterinsights_sitenote_active":false,"_monsterinsights_sitenote_note":"","_monsterinsights_sitenote_category":0,"_uf_show_specific_survey":0,"_uf_disable_surveys":false,"footnotes":""},"categories":[42,94,28,2,37],"tags":[],"class_list":["post-25943","post","type-post","status-publish","format-standard","has-post-thumbnail","hentry","category-finanse","category-polecane","category-radomsko","category-wiadomosci","category-zdrowie"],"_links":{"self":[{"href":"https:\/\/gazetaregionalna.com\/index.php?rest_route=\/wp\/v2\/posts\/25943","targetHints":{"allow":["GET"]}}],"collection":[{"href":"https:\/\/gazetaregionalna.com\/index.php?rest_route=\/wp\/v2\/posts"}],"about":[{"href":"https:\/\/gazetaregionalna.com\/index.php?rest_route=\/wp\/v2\/types\/post"}],"author":[{"embeddable":true,"href":"https:\/\/gazetaregionalna.com\/index.php?rest_route=\/wp\/v2\/users\/12"}],"replies":[{"embeddable":true,"href":"https:\/\/gazetaregionalna.com\/index.php?rest_route=%2Fwp%2Fv2%2Fcomments&post=25943"}],"version-history":[{"count":2,"href":"https:\/\/gazetaregionalna.com\/index.php?rest_route=\/wp\/v2\/posts\/25943\/revisions"}],"predecessor-version":[{"id":25945,"href":"https:\/\/gazetaregionalna.com\/index.php?rest_route=\/wp\/v2\/posts\/25943\/revisions\/25945"}],"wp:featuredmedia":[{"embeddable":true,"href":"https:\/\/gazetaregionalna.com\/index.php?rest_route=\/wp\/v2\/media\/3394"}],"wp:attachment":[{"href":"https:\/\/gazetaregionalna.com\/index.php?rest_route=%2Fwp%2Fv2%2Fmedia&parent=25943"}],"wp:term":[{"taxonomy":"category","embeddable":true,"href":"https:\/\/gazetaregionalna.com\/index.php?rest_route=%2Fwp%2Fv2%2Fcategories&post=25943"},{"taxonomy":"post_tag","embeddable":true,"href":"https:\/\/gazetaregionalna.com\/index.php?rest_route=%2Fwp%2Fv2%2Ftags&post=25943"}],"curies":[{"name":"wp","href":"https:\/\/api.w.org\/{rel}","templated":true}]}}