{"id":25921,"date":"2020-11-10T19:40:42","date_gmt":"2020-11-10T19:40:42","guid":{"rendered":"https:\/\/gazetaregionalna.com\/?p=25921"},"modified":"2020-11-10T19:40:48","modified_gmt":"2020-11-10T19:40:48","slug":"osocze-ozdrowiencow","status":"publish","type":"post","link":"https:\/\/gazetaregionalna.com\/?p=25921","title":{"rendered":"Pilnie potrzebne osocze ozdrowie\u0144c\u00f3w!"},"content":{"rendered":"\n<h2 class=\"wp-block-heading\">Regionalne Centrum Krwiodawstwa i Krwiolecznictwa w Katowicach apeluje do os\u00f3b, kt\u00f3re przechodzi\u0142y COVID-19 lub przeby\u0142y bezobjawowo zaka\u017cenie koronawirusem SARS COV-2 o oddawanie osocza, kt\u00f3re mo\u017ce wspom\u00f3c leczenie os\u00f3b chorych z ci\u0119\u017ckimi objawami zaka\u017cenia.<\/h2>\n\n\n\n<p>Na chwil\u0119 obecn\u0105 w Wojew\u00f3dztwie \u015al\u0105skim punkt, kt\u00f3ry dysponuje odpowiednim sprz\u0119tem do pobrania osocza znajduje si\u0119 tylko w <strong>Regionalnym Centrum Krwiodawstwa i Krwiolecznictwa w Katowicach<\/strong>, mieszcz\u0105cym si\u0119 przy ul. Raciborskiej (wej\u015bcie od ul. Kozielskiej). Za oko\u0142o dwa tygodnie kolejne punkty powinny powsta\u0107 w Cz\u0119stochowie i Bielsku-Bia\u0142ej.<\/p>\n\n\n\n<p>Przed udaniem si\u0119 do punktu pobra\u0144 nale\u017cy wcze\u015bniej zadzwoni\u0107 w celu telefonicznego wywiadu okre\u015blaj\u0105cego wst\u0119pn\u0105 ocen\u0119 braku przeciwwskaza\u0144 do oddania osocza oraz ustalany jest najdogodniejszy termin i miejsce jego pobrania.<\/p>\n\n\n\n<p>Warunki, jakie powinien spe\u0142nia\u0107 ozdrowieniec to:<\/p>\n\n\n\n<p><strong>Og\u00f3lne:  <\/strong><\/p>\n\n\n\n<ul class=\"wp-block-list\"><li>wiek: od 18 do 65 lat;<\/li><\/ul>\n\n\n\n<ul class=\"wp-block-list\"><li>kryteria zdrowotne (wykaz dyskwalifikacji sta\u0142ych i tymczasowych jest dost\u0119pny na stronie <a href=\"http:\/\/www.rckik-katowice.pl\" class=\"rank-math-link\" target=\"_blank\" rel=\"noopener\">internetowej<\/a> w zak\u0142adce KRWIODAWCA)<\/li><\/ul>\n\n\n\n<p><strong>Szczeg\u00f3\u0142owe: <\/strong> <\/p>\n\n\n\n<ul class=\"wp-block-list\"><li>osoby\n\tpo przechorowaniu COVID-19, dysponuj\u0105ce pozytywnym wynikiem wymazu\n\tna obecno\u015b\u0107 koronawirusa SARS-CoV-2 metod\u0105 PCR \u2013 po up\u0142ywie\n\tminimum 28 dni od pe\u0142nego ust\u0105pienia objaw\u00f3w lub 18 dni od\n\tzako\u0144czenia izolacji;\n\t<\/li><li>osoby\n\tpo bezobjawowym zaka\u017ceniu koronawirusem SARS-CoV-2 z pozytywnym\n\twynikiem badania na obecno\u015b\u0107 przeciwcia\u0142 anty-SARS-CoV-2 po\n\tup\u0142ywie minimum 14 dni od uzyskania pozytywnego wyniku badania;\n\t<\/li><li>osoby\n\tz rozpoznanym zaka\u017ceniem koronawirusem SARS-CoV-2 na podstawie\n\tpozytywnego wyniku wymazu metod\u0105 PCR \u2013 po up\u0142ywie minimum 14 dni\n\tod uzyskania powtarzalnie ujemnego wyniku wymazu metod\u0105 PCR.\n<\/li><\/ul>\n\n\n\n<p>Numery\ntelefon\u00f3w, pod kt\u00f3re mo\u017cna dzwoni\u0107, aby si\u0119 um\u00f3wi\u0107 na wizyt\u0119\ns\u0105 dost\u0119pne od poniedzia\u0142ku do pi\u0105tku w godzinach od 7:30 do\n14:30:<\/p>\n\n\n\n<ul class=\"wp-block-list\"><li>\n\tkom\u00f3rkowe:\n\t<strong>726-227-229,\n\t607-619-718, 607-678-519;<\/strong>\n\t<\/li><li>\n\tstacjonarny:\n\t<strong>32-208-74-19.<\/strong>\n<\/li><\/ul>\n\n\n\n<p>\nKontakt\nmailowy: <a href=\"mailto:rejestracja@rckik-katowice.pl\">rejestracja@rckik-katowice.pl<\/a><\/p>\n\n\n\n<figure class=\"wp-block-image size-large\"><img decoding=\"async\" width=\"600\" height=\"344\" data-src=\"https:\/\/gazetaregionalna.com\/wp-content\/uploads\/2020\/11\/ozdrowieniec_czewa.jpg\" alt=\"\" class=\"wp-image-25924 lazyload\" data-srcset=\"https:\/\/gazetaregionalna.com\/wp-content\/uploads\/2020\/11\/ozdrowieniec_czewa.jpg 600w, https:\/\/gazetaregionalna.com\/wp-content\/uploads\/2020\/11\/ozdrowieniec_czewa-300x172.jpg 300w\" data-sizes=\"(max-width: 600px) 100vw, 600px\" src=\"data:image\/svg+xml;base64,PHN2ZyB3aWR0aD0iMSIgaGVpZ2h0PSIxIiB4bWxucz0iaHR0cDovL3d3dy53My5vcmcvMjAwMC9zdmciPjwvc3ZnPg==\" style=\"--smush-placeholder-width: 600px; --smush-placeholder-aspect-ratio: 600\/344;\" \/><figcaption>Fot: krwiodawcy.org<\/figcaption><\/figure>\n\n\n\n<p>\n<strong>W\njaki spos\u00f3b pobierane jest osocze? <\/strong>\n<\/p>\n\n\n\n<p>Osocze pobierane jest metod\u0105 plazmaferezy. Oznacza to, \u017ce w czasie pobrania z \u017cy\u0142y krwi jest oddzielone osocze, kt\u00f3re jest zatrzymywane. Natomiast pozosta\u0142e elementy krwi s\u0105 z powrotem przetaczane do tej samej \u017cy\u0142y. Jednorazowo pobierane jest nie wi\u0119cej ni\u017c 650ml osocza. Plazmafereza jest zabiegiem bezpiecznym i trwa zazwyczaj od 30 do 40 min.<\/p>\n\n\n\n<figure class=\"wp-block-image size-large\"><img decoding=\"async\" width=\"840\" height=\"472\" data-src=\"https:\/\/gazetaregionalna.com\/wp-content\/uploads\/2020\/11\/kwiodawcy.org_.jpg\" alt=\"\" class=\"wp-image-25922 lazyload\" data-srcset=\"https:\/\/gazetaregionalna.com\/wp-content\/uploads\/2020\/11\/kwiodawcy.org_.jpg 840w, https:\/\/gazetaregionalna.com\/wp-content\/uploads\/2020\/11\/kwiodawcy.org_-300x169.jpg 300w, https:\/\/gazetaregionalna.com\/wp-content\/uploads\/2020\/11\/kwiodawcy.org_-768x432.jpg 768w, https:\/\/gazetaregionalna.com\/wp-content\/uploads\/2020\/11\/kwiodawcy.org_-696x391.jpg 696w, https:\/\/gazetaregionalna.com\/wp-content\/uploads\/2020\/11\/kwiodawcy.org_-747x420.jpg 747w\" data-sizes=\"(max-width: 840px) 100vw, 840px\" src=\"data:image\/svg+xml;base64,PHN2ZyB3aWR0aD0iMSIgaGVpZ2h0PSIxIiB4bWxucz0iaHR0cDovL3d3dy53My5vcmcvMjAwMC9zdmciPjwvc3ZnPg==\" style=\"--smush-placeholder-width: 840px; --smush-placeholder-aspect-ratio: 840\/472;\" \/><figcaption>Fot: krwiodawcy.org<\/figcaption><\/figure>\n\n\n\n<p>Zanim jednak osocze zostanie podane osobie chorej  Covid-19 jest  poddawane procedurze redukcji patogen\u00f3w, dzielone na dawki wielko\u015bci 100-200 ml i zamra\u017cane. W zale\u017cno\u015bci od zawarto\u015bci w osoczu przeciwcia\u0142 neutralizuj\u0105cych wirusa chorym przetacza si\u0119 200-400 ml osocza.<\/p>\n\n\n\n<p>Niestety osocza, kt\u00f3re jest na \u201ewag\u0119 z\u0142ota\u201d, brakuje z ka\u017cdej grupy krwi.  <\/p>\n\n\n\n<p>W Cz\u0119stochowie liczba os\u00f3b, kt\u00f3re przesz\u0142y koronawirusa i wyzdrowia\u0142y zbli\u017ca si\u0119 ju\u017c do 1,5 tysi\u0105ca. Codziennie przybywa nawet ok. 50 ozdrowie\u0144c\u00f3w. Smutny natomiast jest fakt, \u017ce bior\u0105c pod uwag\u0119 dane z 10 listopada 2020 roku, w mie\u015bcie obecnie choruje 3,8 tysi\u0119cy os\u00f3b (od pocz\u0105tku pandemii \u0142\u0105czna liczba stwierdzonych zachorowa\u0144 przekracza 5,1 tysi\u0105ca), a oko\u0142o 110 \u2013 120 chorych jest aktualnie hospitalizowanych.<\/p>\n\n\n\n<p>Zwi\u0119ksza si\u0119 tak\u017ce liczba przypadk\u00f3w z ci\u0119\u017ckim przebiegiem Covid-19 i niestety coraz cz\u0119\u015bciej zdarzaj\u0105 si\u0119 przypadki \u015bmiertelne. Z powodu koronawirusa od pocz\u0105tku pandemii do 10 listopada w Cz\u0119stochowie odnotowano ju\u017c 86 zgon\u00f3w mieszka\u0144c\u00f3w.<\/p>\n","protected":false},"excerpt":{"rendered":"<p>Regionalne Centrum Krwiodawstwa i Krwiolecznictwa w Katowicach apeluje do os\u00f3b, kt\u00f3re przechodzi\u0142y COVID-19 lub przeby\u0142y bezobjawowo zaka\u017cenie koronawirusem SARS COV-2 o oddawanie osocza, kt\u00f3re<\/p>\n","protected":false},"author":12,"featured_media":25925,"comment_status":"open","ping_status":"open","sticky":false,"template":"","format":"standard","meta":{"_monsterinsights_skip_tracking":false,"_monsterinsights_sitenote_active":false,"_monsterinsights_sitenote_note":"","_monsterinsights_sitenote_category":0,"_uf_show_specific_survey":0,"_uf_disable_surveys":false,"footnotes":""},"categories":[94,3,2,37],"tags":[],"class_list":["post-25921","post","type-post","status-publish","format-standard","has-post-thumbnail","hentry","category-polecane","category-czestochowa-informacje","category-wiadomosci","category-zdrowie"],"_links":{"self":[{"href":"https:\/\/gazetaregionalna.com\/index.php?rest_route=\/wp\/v2\/posts\/25921","targetHints":{"allow":["GET"]}}],"collection":[{"href":"https:\/\/gazetaregionalna.com\/index.php?rest_route=\/wp\/v2\/posts"}],"about":[{"href":"https:\/\/gazetaregionalna.com\/index.php?rest_route=\/wp\/v2\/types\/post"}],"author":[{"embeddable":true,"href":"https:\/\/gazetaregionalna.com\/index.php?rest_route=\/wp\/v2\/users\/12"}],"replies":[{"embeddable":true,"href":"https:\/\/gazetaregionalna.com\/index.php?rest_route=%2Fwp%2Fv2%2Fcomments&post=25921"}],"version-history":[{"count":2,"href":"https:\/\/gazetaregionalna.com\/index.php?rest_route=\/wp\/v2\/posts\/25921\/revisions"}],"predecessor-version":[{"id":25926,"href":"https:\/\/gazetaregionalna.com\/index.php?rest_route=\/wp\/v2\/posts\/25921\/revisions\/25926"}],"wp:featuredmedia":[{"embeddable":true,"href":"https:\/\/gazetaregionalna.com\/index.php?rest_route=\/wp\/v2\/media\/25925"}],"wp:attachment":[{"href":"https:\/\/gazetaregionalna.com\/index.php?rest_route=%2Fwp%2Fv2%2Fmedia&parent=25921"}],"wp:term":[{"taxonomy":"category","embeddable":true,"href":"https:\/\/gazetaregionalna.com\/index.php?rest_route=%2Fwp%2Fv2%2Fcategories&post=25921"},{"taxonomy":"post_tag","embeddable":true,"href":"https:\/\/gazetaregionalna.com\/index.php?rest_route=%2Fwp%2Fv2%2Ftags&post=25921"}],"curies":[{"name":"wp","href":"https:\/\/api.w.org\/{rel}","templated":true}]}}