{"id":25912,"date":"2020-11-10T14:43:26","date_gmt":"2020-11-10T14:43:26","guid":{"rendered":"https:\/\/gazetaregionalna.com\/?p=25912"},"modified":"2020-11-10T14:43:28","modified_gmt":"2020-11-10T14:43:28","slug":"zamkniecie-a1","status":"publish","type":"post","link":"https:\/\/gazetaregionalna.com\/?p=25912","title":{"rendered":"Uwaga kierowco! Czasowe zamkni\u0119cie A1 na odcinku Je\u017c\u00f3w \u2013 w\u0119ze\u0142 Piotrk\u00f3w Trybunalski Po\u0142udnie"},"content":{"rendered":"\n<h2 class=\"wp-block-heading\">Uwaga kierowco! Planowane czasowe zamkni\u0119cie autostrady A1 na odcinku Je\u017c\u00f3w \u2013 w\u0119ze\u0142 Piotrk\u00f3w Trybunalski Po\u0142udnie nast\u0105pi dzie\u0144 wcze\u015bniej.<\/h2>\n\n\n\n<p>W nocy z 11 na 12 listopada br. zostanie zamkni\u0119ty czasowo odcinek drogi na autostradzie A1. Jest to spowodowane  kolejnym z trzydziestu przewoz\u00f3w \u0142adunk\u00f3w nadgabarytowych na trasie Je\u017c\u00f3w \u2013 \u0141\u00f3d\u017a. Wyjazd na dany odcinek nast\u0105pi oko\u0142o godziny 1:00 (12 listopada 2020 roku).<\/p>\n\n\n\n<p><em>&#8211; \u201eCa\u0142kowite wstrzymanie ruchu dotyczy jedynie kierunku do Katowic. W stron\u0119 \u0141odzi przejazd b\u0119dzie si\u0119 odbywa\u0142, jednak w ograniczonym tempie w asy\u015bcie samochod\u00f3w pilotuj\u0105cych\u201d<\/em> \u2013 informuje <strong>Maciej Zalewski<\/strong>, G\u0142\u00f3wny Specjalista ds. Komunikacji \u0142\u00f3dzkiego oddzia\u0142u GDDKiA.<\/p>\n\n\n\n<p><em>&#8211; \u201eTakie rozwi\u0105zanie wynika z tego, \u017ce szeroko\u015b\u0107 przewo\u017conego \u0142adunku wymaga zaj\u0119cia jednocze\u015bnie dw\u00f3ch pas\u00f3w jezdni\u201d <\/em>&#8211; dodaje.<\/p>\n\n\n\n<p>Zanim zacznie si\u0119 transport \u0142adunku w kierunku \u0141odzi, dany odcinek musi zosta\u0107 opr\u00f3\u017cniony z samochod\u00f3w jad\u0105cych na po\u0142udnie (od w\u0119z\u0142a Piotrk\u00f3w Trybunalski Po\u0142udnie do Je\u017cowa). Transport zje\u017cd\u017ca do Piotrkowa Trybunalskiego i dalej drog\u0105 krajow\u0105 12\/91 pod\u0105\u017ca do \u0141odzi.<\/p>\n\n\n\n<p>Zamkni\u0119cie tego odcinka autostrady powinno trwa\u0107 maksymalnie p\u00f3\u0142 godziny, a sam transport nadgabarytowego \u0142adunku oko\u0142o kilkunastu minut.<\/p>\n\n\n\n<p>&#8211; <em>\u201eApelujemy do kierowc\u00f3w o cierpliwo\u015b\u0107 oraz stosowanie si\u0119 zar\u00f3wno do oznakowania, jak i polece\u0144 os\u00f3b kieruj\u0105cych ruchem. Zamykany odcinek autostrady A1 mo\u017cna omin\u0105\u0107, jad\u0105c przez Piotrk\u00f3w Trybunalski drog\u0105 krajow\u0105 91\u201d<\/em> \u2013 informuje Maciej Zalewski.<\/p>\n","protected":false},"excerpt":{"rendered":"<p>Uwaga kierowco! Planowane czasowe zamkni\u0119cie autostrady A1 na odcinku Je\u017c\u00f3w \u2013 w\u0119ze\u0142 Piotrk\u00f3w Trybunalski Po\u0142udnie nast\u0105pi dzie\u0144 wcze\u015bniej. W nocy z 11 na 12<\/p>\n","protected":false},"author":12,"featured_media":25914,"comment_status":"open","ping_status":"open","sticky":false,"template":"","format":"standard","meta":{"_monsterinsights_skip_tracking":false,"_monsterinsights_sitenote_active":false,"_monsterinsights_sitenote_note":"","_monsterinsights_sitenote_category":0,"_uf_show_specific_survey":0,"_uf_disable_surveys":false,"footnotes":""},"categories":[18,94,28,2],"tags":[],"class_list":["post-25912","post","type-post","status-publish","format-standard","has-post-thumbnail","hentry","category-motoryzacja","category-polecane","category-radomsko","category-wiadomosci"],"_links":{"self":[{"href":"https:\/\/gazetaregionalna.com\/index.php?rest_route=\/wp\/v2\/posts\/25912","targetHints":{"allow":["GET"]}}],"collection":[{"href":"https:\/\/gazetaregionalna.com\/index.php?rest_route=\/wp\/v2\/posts"}],"about":[{"href":"https:\/\/gazetaregionalna.com\/index.php?rest_route=\/wp\/v2\/types\/post"}],"author":[{"embeddable":true,"href":"https:\/\/gazetaregionalna.com\/index.php?rest_route=\/wp\/v2\/users\/12"}],"replies":[{"embeddable":true,"href":"https:\/\/gazetaregionalna.com\/index.php?rest_route=%2Fwp%2Fv2%2Fcomments&post=25912"}],"version-history":[{"count":2,"href":"https:\/\/gazetaregionalna.com\/index.php?rest_route=\/wp\/v2\/posts\/25912\/revisions"}],"predecessor-version":[{"id":25915,"href":"https:\/\/gazetaregionalna.com\/index.php?rest_route=\/wp\/v2\/posts\/25912\/revisions\/25915"}],"wp:featuredmedia":[{"embeddable":true,"href":"https:\/\/gazetaregionalna.com\/index.php?rest_route=\/wp\/v2\/media\/25914"}],"wp:attachment":[{"href":"https:\/\/gazetaregionalna.com\/index.php?rest_route=%2Fwp%2Fv2%2Fmedia&parent=25912"}],"wp:term":[{"taxonomy":"category","embeddable":true,"href":"https:\/\/gazetaregionalna.com\/index.php?rest_route=%2Fwp%2Fv2%2Fcategories&post=25912"},{"taxonomy":"post_tag","embeddable":true,"href":"https:\/\/gazetaregionalna.com\/index.php?rest_route=%2Fwp%2Fv2%2Ftags&post=25912"}],"curies":[{"name":"wp","href":"https:\/\/api.w.org\/{rel}","templated":true}]}}