{"id":25911,"date":"2020-11-10T14:46:06","date_gmt":"2020-11-10T14:46:06","guid":{"rendered":"https:\/\/gazetaregionalna.com\/?p=25911"},"modified":"2020-11-10T14:46:09","modified_gmt":"2020-11-10T14:46:09","slug":"rakow-23","status":"publish","type":"post","link":"https:\/\/gazetaregionalna.com\/?p=25911","title":{"rendered":"\u015acisk w czo\u0142\u00f3wce tabeli Ekstraklasy. Rak\u00f3w nadal liderem, ale przewaga zmala\u0142a&#8230;"},"content":{"rendered":"\n<p>Rak\u00f3w Cz\u0119stochowa po remisie z Wis\u0142\u0105\nKrak\u00f3w nadal pozostaje liderem PKO BP Ekstraklasy. Cz\u0119stochowianie\nmaj\u0105 jednak tylko ju\u017c punkt przewagi nad wiceliderem Legi\u0105\nWarszawa.<\/p>\n\n\n\n<p>W niedzielnym meczu z Wis\u0142\u0105 Krak\u00f3w\nkibice Rakowa liczyli na kolejn\u0105 wygran\u0105 i utrzymanie\ntrzypunktowego prowadzenia w tabeli. Tak si\u0119 jednak nie sta\u0142o.\nPotkni\u0119cie Rakowa wykorzysta\u0142a Legia Warszawa, kt\u00f3ry pokona\u0142a\nLecha Pozna\u0144 i ma ju\u017c na koncie 19 punkt\u00f3w, jeden mniej ni\u017c\nRak\u00f3w. Na trzecim miejscu plasuje si\u0119 G\u00f3rnik Zabrze, kt\u00f3ry w 9\nspotkaniach zdoby\u0142 17 punkt\u00f3w. \n<\/p>\n\n\n\n<p>Na wysokiej 4. pozycji sklasyfikowana\njest Pogo\u0144 Szczecin. Pogo\u0144 w 8 pojedynkach wywalczy\u0142a 15 punkt\u00f3w\ni ma mecz mniej ni\u017c trzy pierwsze czo\u0142owe dru\u017cyny. W przypadku\nzwyci\u0119stwa i zr\u00f3wnania si\u0119 liczb\u0105 spotka\u0144 z Rakowem, Legi\u0105 i\nG\u00f3rnikiem Pogo\u0144 mo\u017ce do\u0142\u0105czy\u0107 do \u015bcis\u0142ej czo\u0142\u00f3wki i\nawansowa\u0107 na 3. miejsce.<\/p>\n\n\n\n<p>Dla cz\u0119stochowskich kibic\u00f3w pocieszaj\u0105ce jest, \u017ce podopieczni trenera <strong>Marka Papszuna<\/strong> od 8 spotka\u0144 s\u0105 niepokonana dru\u017cyn\u0105. W tym czasie Rak\u00f3w odni\u00f3s\u0142 6 zwyci\u0119stw i odnotowa\u0142 2 remisy.   <\/p>\n\n\n\n<p>Przed pi\u0142karzami w Ekstraklasie teraz przerwa do 21 listopada. Rak\u00f3w sw\u00f3j mecz w Poznaniu w Lechem rozegra 22 listopada. Kibice Rakowa licz\u0105, \u017ce lider Rakowa <strong>Tomas Petrasek<\/strong> do tego czasu upora si\u0119 z kontuzj\u0105 kolana i w meczu z Lechem pojawi si\u0119 w sk\u0142adzie.  <\/p>\n\n\n\n<p>Foto: Gazeta Regionalna <\/p>\n","protected":false},"excerpt":{"rendered":"<p>Rak\u00f3w Cz\u0119stochowa po remisie z Wis\u0142\u0105 Krak\u00f3w nadal pozostaje liderem PKO BP Ekstraklasy. Cz\u0119stochowianie maj\u0105 jednak tylko ju\u017c punkt przewagi nad wiceliderem Legi\u0105 Warszawa.<\/p>\n","protected":false},"author":15,"featured_media":19336,"comment_status":"open","ping_status":"open","sticky":false,"template":"","format":"standard","meta":{"_monsterinsights_skip_tracking":false,"_monsterinsights_sitenote_active":false,"_monsterinsights_sitenote_note":"","_monsterinsights_sitenote_category":0,"_uf_show_specific_survey":0,"_uf_disable_surveys":false,"footnotes":""},"categories":[5,6],"tags":[],"class_list":["post-25911","post","type-post","status-publish","format-standard","has-post-thumbnail","hentry","category-sport","category-pilka-nozna"],"_links":{"self":[{"href":"https:\/\/gazetaregionalna.com\/index.php?rest_route=\/wp\/v2\/posts\/25911","targetHints":{"allow":["GET"]}}],"collection":[{"href":"https:\/\/gazetaregionalna.com\/index.php?rest_route=\/wp\/v2\/posts"}],"about":[{"href":"https:\/\/gazetaregionalna.com\/index.php?rest_route=\/wp\/v2\/types\/post"}],"author":[{"embeddable":true,"href":"https:\/\/gazetaregionalna.com\/index.php?rest_route=\/wp\/v2\/users\/15"}],"replies":[{"embeddable":true,"href":"https:\/\/gazetaregionalna.com\/index.php?rest_route=%2Fwp%2Fv2%2Fcomments&post=25911"}],"version-history":[{"count":1,"href":"https:\/\/gazetaregionalna.com\/index.php?rest_route=\/wp\/v2\/posts\/25911\/revisions"}],"predecessor-version":[{"id":25916,"href":"https:\/\/gazetaregionalna.com\/index.php?rest_route=\/wp\/v2\/posts\/25911\/revisions\/25916"}],"wp:featuredmedia":[{"embeddable":true,"href":"https:\/\/gazetaregionalna.com\/index.php?rest_route=\/wp\/v2\/media\/19336"}],"wp:attachment":[{"href":"https:\/\/gazetaregionalna.com\/index.php?rest_route=%2Fwp%2Fv2%2Fmedia&parent=25911"}],"wp:term":[{"taxonomy":"category","embeddable":true,"href":"https:\/\/gazetaregionalna.com\/index.php?rest_route=%2Fwp%2Fv2%2Fcategories&post=25911"},{"taxonomy":"post_tag","embeddable":true,"href":"https:\/\/gazetaregionalna.com\/index.php?rest_route=%2Fwp%2Fv2%2Ftags&post=25911"}],"curies":[{"name":"wp","href":"https:\/\/api.w.org\/{rel}","templated":true}]}}