{"id":25899,"date":"2020-11-10T13:34:14","date_gmt":"2020-11-10T13:34:14","guid":{"rendered":"https:\/\/gazetaregionalna.com\/?p=25899"},"modified":"2020-11-10T13:37:32","modified_gmt":"2020-11-10T13:37:32","slug":"75-lecie-aeroklubu-czestochowskiego","status":"publish","type":"post","link":"https:\/\/gazetaregionalna.com\/?p=25899","title":{"rendered":"75-lecie Aeroklubu Cz\u0119stochowskiego"},"content":{"rendered":"\n<h2 class=\"wp-block-heading\">W tym roku <a href=\"https:\/\/aeroklub-czestochowa.org.pl\/\" class=\"rank-math-link\" target=\"_blank\" rel=\"noopener\">Aeroklub Cz\u0119stochowski<\/a> obchodzi swoje <strong>75 urodziny<\/strong>. Warto wspomnie\u0107 pocz\u0105tki klubu oraz jego sukcesy.<\/h2>\n\n\n\n<p>Dok\u0142adnie <strong>10 listopada 1945<\/strong> roku w gabinecie prezydenta miasta <strong>Tadeusza Wola\u0144skiego<\/strong> zosta\u0142a podj\u0119ta decyzja o powstaniu lokalnego Aeroklubu oraz o przekazaniu na potrzeby przysz\u0142ego klubu budynku przy ul. Ochotnik\u00f3w Wojennych.<\/p>\n\n\n\n<p>Korzenie\ncz\u0119stochowskiego lotnictwa si\u0119gaj\u0105 jednak ju\u017c od 1912 roku. Wtedy\npionierzy lotnictwa Micha\u0142 Scipio del Campo i Boles\u0142aw Kamie\u0144ski\ndokonywali pierwszych lot\u00f3w nad Cz\u0119stochow\u0105. \n<\/p>\n\n\n\n<figure class=\"wp-block-image size-large\"><img decoding=\"async\" width=\"362\" height=\"149\" data-src=\"https:\/\/gazetaregionalna.com\/wp-content\/uploads\/2020\/11\/aeroklub-4.jpg\" alt=\"\" class=\"wp-image-25905 lazyload\" data-srcset=\"https:\/\/gazetaregionalna.com\/wp-content\/uploads\/2020\/11\/aeroklub-4.jpg 362w, https:\/\/gazetaregionalna.com\/wp-content\/uploads\/2020\/11\/aeroklub-4-300x123.jpg 300w\" data-sizes=\"(max-width: 362px) 100vw, 362px\" src=\"data:image\/svg+xml;base64,PHN2ZyB3aWR0aD0iMSIgaGVpZ2h0PSIxIiB4bWxucz0iaHR0cDovL3d3dy53My5vcmcvMjAwMC9zdmciPjwvc3ZnPg==\" style=\"--smush-placeholder-width: 362px; --smush-placeholder-aspect-ratio: 362\/149;\" \/><figcaption>Fot: Aeroklub Cz\u0119stochowski<\/figcaption><\/figure>\n\n\n\n<p>Pierwsze lotnisko istnia\u0142o od 1928 roku do 1953 na Kucelinie (obecnie tereny Nowej Huty). Nast\u0119pnie lotnisko przeniesiono do Rudnik w 1953 r.. W 2014 roku na placu ko\u0142o hutniczej walcowni &#8211; kt\u00f3ry w 2013 roku otrzyma\u0142 nazw\u0119 Skwer Lotnik\u00f3w &#8211; ods\u0142oni\u0119to obelisk upami\u0119tniaj\u0105cy pierwsze cz\u0119stochowskie lotnisko.<\/p>\n\n\n\n<figure class=\"wp-block-image size-large\"><img decoding=\"async\" width=\"648\" height=\"518\" data-src=\"https:\/\/gazetaregionalna.com\/wp-content\/uploads\/2020\/11\/aeroklub-5.jpg\" alt=\"\" class=\"wp-image-25906 lazyload\" data-srcset=\"https:\/\/gazetaregionalna.com\/wp-content\/uploads\/2020\/11\/aeroklub-5.jpg 648w, https:\/\/gazetaregionalna.com\/wp-content\/uploads\/2020\/11\/aeroklub-5-300x240.jpg 300w, https:\/\/gazetaregionalna.com\/wp-content\/uploads\/2020\/11\/aeroklub-5-525x420.jpg 525w\" data-sizes=\"(max-width: 648px) 100vw, 648px\" src=\"data:image\/svg+xml;base64,PHN2ZyB3aWR0aD0iMSIgaGVpZ2h0PSIxIiB4bWxucz0iaHR0cDovL3d3dy53My5vcmcvMjAwMC9zdmciPjwvc3ZnPg==\" style=\"--smush-placeholder-width: 648px; --smush-placeholder-aspect-ratio: 648\/518;\" \/><figcaption> <em>Fot: Aeroklub Cz\u0119stochowski<\/em> <\/figcaption><\/figure>\n\n\n\n<p>Dzi\u0119ki w\u0142asnemu lotnisku Aeroklub m\u00f3g\u0142 stworzy\u0107 m.in. pionierski w Polsce o\u015brodek lotniarstwa, co zaowocowa\u0142o w latach 80. XX wieku pierwszymi sukcesami lotnik\u00f3w samolotowych \u2013 <strong>Janusza Darochy<\/strong> i <strong>W\u0142odzimierza Skalika<\/strong> (dzi\u015b tradycj\u0119 lotnictwa przej\u0105\u0142 syn, Marcin Skalik).<\/p>\n\n\n\n<p>Trzeba tak\u017ce wspomnie\u0107 o sukcesach za\u0142\u00f3g szybowc\u00f3w z Aeroklubu &#8211; <strong>Tadeusza Jacniackiego <\/strong>oraz <strong>Patrycji Pacak<\/strong> (pierwsza kobieta z tytu\u0142em Mistrza \u015awiata w Akrobacji Szybowcowej w klasie Advanced).<\/p>\n\n\n\n<p>\u0141\u0105cznie\nwychowankowie klubu zdobyli co najmniej 60 medali indywidualnych i\ndru\u017cynowych na mistrzostwach \u015bwiata i Europy. \n<\/p>\n\n\n\n<p>W\nCz\u0119stochowskim Aeroklubie obecnie dzia\u0142aj\u0105 sekcje: \n<\/p>\n\n\n\n<ul class=\"wp-block-list\"><li>\n\tsamolotowa;\n\t<\/li><li>\n\tszybowcowa;\n\t<\/li><li>\n\tparalotniowa;\n\t<\/li><li>\n\t\u015bmig\u0142owcowa;\n\t<\/li><li>\n\tmodelarska.\n<\/li><\/ul>\n\n\n\n<p>Mo\u017cna\ntak\u017ce zapisa\u0107 si\u0119 na szkolenia spadochroniarskie, kt\u00f3rych liczba\ncz\u0142onk\u00f3w przekracza ju\u017c 500 os\u00f3b.<\/p>\n\n\n\n<figure class=\"wp-block-image size-large\"><img decoding=\"async\" width=\"800\" height=\"600\" data-src=\"https:\/\/gazetaregionalna.com\/wp-content\/uploads\/2020\/11\/aeroklub-2.jpg\" alt=\"\" class=\"wp-image-25903 lazyload\" data-srcset=\"https:\/\/gazetaregionalna.com\/wp-content\/uploads\/2020\/11\/aeroklub-2.jpg 800w, https:\/\/gazetaregionalna.com\/wp-content\/uploads\/2020\/11\/aeroklub-2-300x225.jpg 300w, https:\/\/gazetaregionalna.com\/wp-content\/uploads\/2020\/11\/aeroklub-2-768x576.jpg 768w, https:\/\/gazetaregionalna.com\/wp-content\/uploads\/2020\/11\/aeroklub-2-80x60.jpg 80w, https:\/\/gazetaregionalna.com\/wp-content\/uploads\/2020\/11\/aeroklub-2-265x198.jpg 265w, https:\/\/gazetaregionalna.com\/wp-content\/uploads\/2020\/11\/aeroklub-2-696x522.jpg 696w, https:\/\/gazetaregionalna.com\/wp-content\/uploads\/2020\/11\/aeroklub-2-560x420.jpg 560w\" data-sizes=\"(max-width: 800px) 100vw, 800px\" src=\"data:image\/svg+xml;base64,PHN2ZyB3aWR0aD0iMSIgaGVpZ2h0PSIxIiB4bWxucz0iaHR0cDovL3d3dy53My5vcmcvMjAwMC9zdmciPjwvc3ZnPg==\" style=\"--smush-placeholder-width: 800px; --smush-placeholder-aspect-ratio: 800\/600;\" \/><figcaption> <em>Fot: Aeroklub Cz\u0119stochowski<\/em> <\/figcaption><\/figure>\n\n\n\n<p>W zwi\u0105zku z jubileuszem, w niedziel\u0119 7 listopada 2020 roku delegacja <strong>Cz\u0119stochowskiego Klubu Senior\u00f3w Lotnictwa<\/strong> z\u0142o\u017cy\u0142a wi\u0105zank\u0119 pod pomnikiem na skwerze lotnik\u00f3w oraz pod tablic\u0105 T. Wi\u0119ckowskiego na budynku Aeroklubu przy ul.POW 4.<\/p>\n\n\n\n<p>[post_gallery]<\/p>\n\n\n\n<p> Fot: Aeroklub Cz\u0119stochowski <\/p>\n","protected":false},"excerpt":{"rendered":"<p>W tym roku Aeroklub Cz\u0119stochowski obchodzi swoje 75 urodziny. Warto wspomnie\u0107 pocz\u0105tki klubu oraz jego sukcesy. Dok\u0142adnie 10 listopada 1945 roku w gabinecie prezydenta<\/p>\n","protected":false},"author":12,"featured_media":25908,"comment_status":"open","ping_status":"open","sticky":false,"template":"","format":"standard","meta":{"_monsterinsights_skip_tracking":false,"_monsterinsights_sitenote_active":false,"_monsterinsights_sitenote_note":"","_monsterinsights_sitenote_category":0,"_uf_show_specific_survey":0,"_uf_disable_surveys":false,"footnotes":""},"categories":[321,3,94,2],"tags":[],"class_list":["post-25899","post","type-post","status-publish","format-standard","has-post-thumbnail","hentry","category-historia","category-czestochowa-informacje","category-polecane","category-wiadomosci"],"_links":{"self":[{"href":"https:\/\/gazetaregionalna.com\/index.php?rest_route=\/wp\/v2\/posts\/25899","targetHints":{"allow":["GET"]}}],"collection":[{"href":"https:\/\/gazetaregionalna.com\/index.php?rest_route=\/wp\/v2\/posts"}],"about":[{"href":"https:\/\/gazetaregionalna.com\/index.php?rest_route=\/wp\/v2\/types\/post"}],"author":[{"embeddable":true,"href":"https:\/\/gazetaregionalna.com\/index.php?rest_route=\/wp\/v2\/users\/12"}],"replies":[{"embeddable":true,"href":"https:\/\/gazetaregionalna.com\/index.php?rest_route=%2Fwp%2Fv2%2Fcomments&post=25899"}],"version-history":[{"count":3,"href":"https:\/\/gazetaregionalna.com\/index.php?rest_route=\/wp\/v2\/posts\/25899\/revisions"}],"predecessor-version":[{"id":25910,"href":"https:\/\/gazetaregionalna.com\/index.php?rest_route=\/wp\/v2\/posts\/25899\/revisions\/25910"}],"wp:featuredmedia":[{"embeddable":true,"href":"https:\/\/gazetaregionalna.com\/index.php?rest_route=\/wp\/v2\/media\/25908"}],"wp:attachment":[{"href":"https:\/\/gazetaregionalna.com\/index.php?rest_route=%2Fwp%2Fv2%2Fmedia&parent=25899"}],"wp:term":[{"taxonomy":"category","embeddable":true,"href":"https:\/\/gazetaregionalna.com\/index.php?rest_route=%2Fwp%2Fv2%2Fcategories&post=25899"},{"taxonomy":"post_tag","embeddable":true,"href":"https:\/\/gazetaregionalna.com\/index.php?rest_route=%2Fwp%2Fv2%2Ftags&post=25899"}],"curies":[{"name":"wp","href":"https:\/\/api.w.org\/{rel}","templated":true}]}}