{"id":25885,"date":"2020-11-10T11:38:49","date_gmt":"2020-11-10T11:38:49","guid":{"rendered":"https:\/\/gazetaregionalna.com\/?p=25885"},"modified":"2020-11-10T11:38:52","modified_gmt":"2020-11-10T11:38:52","slug":"fabularyzowany-dokument-o-zwiazkach-marszalka-z-czestochowa-obejrzec-bedzie-mozna-jutro-na-kanale-internetowym-miasta","status":"publish","type":"post","link":"https:\/\/gazetaregionalna.com\/?p=25885","title":{"rendered":"Fabularyzowany dokument o zwi\u0105zkach  Marsza\u0142ka z Cz\u0119stochow\u0105 obejrze\u0107 b\u0119dzie mo\u017cna jutro na kanale internetowym miasta"},"content":{"rendered":"\n<h2 class=\"wp-block-heading\">Fabularyzowany dokument o zwi\u0105zkach  Marsza\u0142ka z Cz\u0119stochow\u0105 obejrze\u0107 b\u0119dzie mo\u017cna jutro na kanale internetowym miasta. <\/h2>\n\n\n\n<p><br> Obraz pod tytu\u0142em  \u201e\u015aladami J\u00f3zefa Pi\u0142sudskiego w Cz\u0119stochowie&#8221; zosta\u0142 przygotowany przez Wydzia\u0142 Kultury Promocji i Sportu Urz\u0119du Miasta  dwoma lata temu z okazji  setnej rocznicy odzyskania przez Polsk\u0119 niepodleg\u0142o\u015bci.<br> Film pokazuje zwi\u0105zki J\u00f3zefa Pi\u0142sudskiego z Cz\u0119stochow\u0105. Zaprezentowano w nim rekonstrukcje czterech wizyt Marsza\u0142ka w naszym  mie\u015bcie. W obrazie pokazane zostan\u0105 m.in. archiwalne zdj\u0119cia z tych wydarze\u0144 i miejsc z nimi zwi\u0105zanych.<\/p>\n\n\n\n<p>Film wsparty jest komentarzem historyk\u00f3w: Juliusza S\u0119towskiego, Ryszarda Stefaniaka, Mariusza Kolmasiaka, Grzegorza Basi\u0144skiego, o. Stanis\u0142awa Rudzi\u0144skiego oraz  Jaros\u0142awa Dawida. <\/p>\n\n\n\n<p><br> W fabularyzowanych fragmentach w rol\u0119 J\u00f3zefa Pi\u0142sudskiego wciela si\u0119 aktor Teatru im. A.Mickiewicza Micha\u0142 Kula. Towarzysz\u0105 mu m.in.: \u0141ukasz Kolewi\u0144ski, Miko\u0142aj Les\u0142aw Ataniel, Konrad Ch\u0119ci\u0144ski, Anna Zaso\u0144, Piotr Taranek i Robert Bagrit (wszyscy pro bono). <\/p>\n\n\n\n<p>Jak informuje Urz\u0105d Miasta Cz\u0119stochowy, podczas realizacji obrazu wsparciem merytorycznym s\u0142u\u017cy\u0142 O\u015brodek Dokumentacji Dziej\u00f3w Cz\u0119stochowy oraz inne miejskie instytucje, firmy i prywatne osoby. Scenariusz i re\u017cyseria: Magda Fijo\u0142ek, realizacja zdj\u0119\u0107 i monta\u017c: RM Group Produkcja Filmowa.<\/p>\n\n\n\n<p>Premiera filmu odb\u0119dzie si\u0119 11 listopada o godzinie 20 na kanale:<\/p>\n\n\n\n<p><a href=\"https:\/\/www.youtube.com\/user\/UMCzestochowy\" target=\"_blank\" rel=\"noopener\">https:\/\/www.youtube.com\/user\/UMCzestochowy<\/a><\/p>\n","protected":false},"excerpt":{"rendered":"<p>Fabularyzowany dokument o zwi\u0105zkach Marsza\u0142ka z Cz\u0119stochow\u0105 obejrze\u0107 b\u0119dzie mo\u017cna jutro na kanale internetowym miasta. Obraz pod tytu\u0142em \u201e\u015aladami J\u00f3zefa Pi\u0142sudskiego w Cz\u0119stochowie&#8221; zosta\u0142<\/p>\n","protected":false},"author":7,"featured_media":25888,"comment_status":"open","ping_status":"open","sticky":false,"template":"","format":"standard","meta":{"_monsterinsights_skip_tracking":false,"_monsterinsights_sitenote_active":false,"_monsterinsights_sitenote_note":"","_monsterinsights_sitenote_category":0,"_uf_show_specific_survey":0,"_uf_disable_surveys":false,"footnotes":""},"categories":[94,3,2],"tags":[],"class_list":["post-25885","post","type-post","status-publish","format-standard","has-post-thumbnail","hentry","category-polecane","category-czestochowa-informacje","category-wiadomosci"],"_links":{"self":[{"href":"https:\/\/gazetaregionalna.com\/index.php?rest_route=\/wp\/v2\/posts\/25885","targetHints":{"allow":["GET"]}}],"collection":[{"href":"https:\/\/gazetaregionalna.com\/index.php?rest_route=\/wp\/v2\/posts"}],"about":[{"href":"https:\/\/gazetaregionalna.com\/index.php?rest_route=\/wp\/v2\/types\/post"}],"author":[{"embeddable":true,"href":"https:\/\/gazetaregionalna.com\/index.php?rest_route=\/wp\/v2\/users\/7"}],"replies":[{"embeddable":true,"href":"https:\/\/gazetaregionalna.com\/index.php?rest_route=%2Fwp%2Fv2%2Fcomments&post=25885"}],"version-history":[{"count":2,"href":"https:\/\/gazetaregionalna.com\/index.php?rest_route=\/wp\/v2\/posts\/25885\/revisions"}],"predecessor-version":[{"id":25887,"href":"https:\/\/gazetaregionalna.com\/index.php?rest_route=\/wp\/v2\/posts\/25885\/revisions\/25887"}],"wp:featuredmedia":[{"embeddable":true,"href":"https:\/\/gazetaregionalna.com\/index.php?rest_route=\/wp\/v2\/media\/25888"}],"wp:attachment":[{"href":"https:\/\/gazetaregionalna.com\/index.php?rest_route=%2Fwp%2Fv2%2Fmedia&parent=25885"}],"wp:term":[{"taxonomy":"category","embeddable":true,"href":"https:\/\/gazetaregionalna.com\/index.php?rest_route=%2Fwp%2Fv2%2Fcategories&post=25885"},{"taxonomy":"post_tag","embeddable":true,"href":"https:\/\/gazetaregionalna.com\/index.php?rest_route=%2Fwp%2Fv2%2Ftags&post=25885"}],"curies":[{"name":"wp","href":"https:\/\/api.w.org\/{rel}","templated":true}]}}