{"id":25880,"date":"2020-11-10T10:57:05","date_gmt":"2020-11-10T10:57:05","guid":{"rendered":"https:\/\/gazetaregionalna.com\/?p=25880"},"modified":"2020-11-10T10:59:58","modified_gmt":"2020-11-10T10:59:58","slug":"wyludzal-smartfony-wpadl-w-rece-czestochowskiej-policji","status":"publish","type":"post","link":"https:\/\/gazetaregionalna.com\/?p=25880","title":{"rendered":"Wy\u0142udza\u0142 smartfony, wpad\u0142 w r\u0119ce cz\u0119stochowskiej policji"},"content":{"rendered":"\n<h2 class=\"wp-block-heading\">Wy\u0142udza\u0142 smartfony, wpad\u0142 w r\u0119ce cz\u0119stochowskiej policji. <\/h2>\n\n\n\n<p>Mowa o 32-letnim m\u0119\u017cczy\u017anie zatrzymanym przez funkcjonariuszy Wydzia\u0142u do walki z Przest\u0119pczo\u015bci\u0105 Gospodarcz\u0105 Komendy Miejskiej Policji w Cz\u0119stochowie.<br> Zatrzymany podejrzany jest o wy\u0142udzenie 65 telefon\u00f3w kom\u00f3rkowych wartych w sumie prawie 240 tys. z\u0142otych.<\/p>\n\n\n\n<p>W swojej &#8222;dzia\u0142alno\u015bci&#8221; oszust wykorzysta\u0142 dane osobowe innych ludzi, zawiera\u0142 umow\u0119 z operatorem kom\u00f3rkowym, w ramach kt\u00f3rej otrzymywa\u0142 aparat do sp\u0142at w abonamencie, a potem sprzedawa\u0142 kom\u00f3rki. Oszust wybiera\u0142 tylko te najnowsze, kt\u00f3rych warto\u015b\u0107 by\u0142a najwi\u0119ksza.<br> 32-latek, mieszkaniec Siemianowic \u015al\u0105skich, pad\u0142, gdy chcia\u0142 odebra\u0107  od kuriera kolejny zam\u00f3wiony przez siebie  sprz\u0119t.<\/p>\n\n\n\n<p><br> Podejrzany us\u0142ysza\u0142 zarzuty oszustwa. Na wniosek prokuratora, s\u0119dzia zastosowa\u0142 tymczasowy areszt na okres trzech miesi\u0119cy. 32-latkowi grozi osiem lat wi\u0119zienia.<\/p>\n","protected":false},"excerpt":{"rendered":"<p>Wy\u0142udza\u0142 smartfony, wpad\u0142 w r\u0119ce cz\u0119stochowskiej policji. Mowa o 32-letnim m\u0119\u017cczy\u017anie zatrzymanym przez funkcjonariuszy Wydzia\u0142u do walki z Przest\u0119pczo\u015bci\u0105 Gospodarcz\u0105 Komendy Miejskiej Policji w<\/p>\n","protected":false},"author":7,"featured_media":25881,"comment_status":"open","ping_status":"open","sticky":false,"template":"","format":"standard","meta":{"_monsterinsights_skip_tracking":false,"_monsterinsights_sitenote_active":false,"_monsterinsights_sitenote_note":"","_monsterinsights_sitenote_category":0,"_uf_show_specific_survey":0,"_uf_disable_surveys":false,"footnotes":""},"categories":[94,3,2],"tags":[],"class_list":["post-25880","post","type-post","status-publish","format-standard","has-post-thumbnail","hentry","category-polecane","category-czestochowa-informacje","category-wiadomosci"],"_links":{"self":[{"href":"https:\/\/gazetaregionalna.com\/index.php?rest_route=\/wp\/v2\/posts\/25880","targetHints":{"allow":["GET"]}}],"collection":[{"href":"https:\/\/gazetaregionalna.com\/index.php?rest_route=\/wp\/v2\/posts"}],"about":[{"href":"https:\/\/gazetaregionalna.com\/index.php?rest_route=\/wp\/v2\/types\/post"}],"author":[{"embeddable":true,"href":"https:\/\/gazetaregionalna.com\/index.php?rest_route=\/wp\/v2\/users\/7"}],"replies":[{"embeddable":true,"href":"https:\/\/gazetaregionalna.com\/index.php?rest_route=%2Fwp%2Fv2%2Fcomments&post=25880"}],"version-history":[{"count":3,"href":"https:\/\/gazetaregionalna.com\/index.php?rest_route=\/wp\/v2\/posts\/25880\/revisions"}],"predecessor-version":[{"id":25884,"href":"https:\/\/gazetaregionalna.com\/index.php?rest_route=\/wp\/v2\/posts\/25880\/revisions\/25884"}],"wp:featuredmedia":[{"embeddable":true,"href":"https:\/\/gazetaregionalna.com\/index.php?rest_route=\/wp\/v2\/media\/25881"}],"wp:attachment":[{"href":"https:\/\/gazetaregionalna.com\/index.php?rest_route=%2Fwp%2Fv2%2Fmedia&parent=25880"}],"wp:term":[{"taxonomy":"category","embeddable":true,"href":"https:\/\/gazetaregionalna.com\/index.php?rest_route=%2Fwp%2Fv2%2Fcategories&post=25880"},{"taxonomy":"post_tag","embeddable":true,"href":"https:\/\/gazetaregionalna.com\/index.php?rest_route=%2Fwp%2Fv2%2Ftags&post=25880"}],"curies":[{"name":"wp","href":"https:\/\/api.w.org\/{rel}","templated":true}]}}